{"id":31828,"date":"2018-04-13T15:32:57","date_gmt":"2018-04-13T17:32:57","guid":{"rendered":"http:\/\/www2.comunitaria.com.br\/?p=31828"},"modified":"2018-04-13T15:39:25","modified_gmt":"2018-04-13T17:39:25","slug":"inss-94-mil-convocados-tem-ate-hoje-para-agendar-pericia-que-revisa-beneficio","status":"publish","type":"post","link":"https:\/\/www2.comunitaria.com.br\/en\/inss-94-mil-convocados-tem-ate-hoje-para-agendar-pericia-que-revisa-beneficio\/","title":{"rendered":"INSS: 94 mil convocados t\u00eam at\u00e9 hoje para agendar per\u00edcia que revisa benef\u00edcio"},"content":{"rendered":"<p style=\"text-align: justify;\">Os 94 mil benefici\u00e1rios de aux\u00edlio-doen\u00e7a e de aposentadoria por invalidez que foram&nbsp;convocados no m\u00eas passado&nbsp;pelo Instituto Nacional do Seguro Social (INSS) t\u00eam at\u00e9 esta sexta-feira, 13, para agendar a per\u00edcia de revis\u00e3o do benef\u00edcio. A marca\u00e7\u00e3o deve ser feita por meio do telefone 135.<\/p>\n<p style=\"text-align: justify;\">Caso a per\u00edcia n\u00e3o seja marcada, o pagamento ficar\u00e1 suspenso at\u00e9 o convocado regularizar sua situa\u00e7\u00e3o. A partir da suspens\u00e3o, o benefici\u00e1rio tem at\u00e9 60 dias para marcar o exame. Se n\u00e3o procurar o INSS nesse prazo, o pagamento ser\u00e1 cancelado.<\/p>\n<p style=\"text-align: justify;\">O edital com os nomes dos convocados foi publicado no&nbsp;<a href=\"http:\/\/pesquisa.in.gov.br\/imprensa\/jsp\/visualiza\/index.jsp?data=23\/03\/2018&amp;jornal=530&amp;pagina=121&amp;totalArquivos=514\" target=\"_blank\" rel=\"noopener noreferrer\"><em>Di\u00e1rio Oficial da Uni\u00e3o&nbsp;<\/em><\/a>(se\u00e7\u00e3o 3, p\u00e1ginas de 121 a 367) em 23 de mar\u00e7o.&nbsp; No in\u00edcio do m\u00eas passado, o Minist\u00e9rio do Desenvolvimento Social (MDS) enviou cartas de convoca\u00e7\u00e3o para os benefici\u00e1rios de aux\u00edlio-doen\u00e7a que est\u00e3o h\u00e1 mais de dois anos sem passar por uma per\u00edcia m\u00e9dica e para os aposentados por invalidez com menos de 60 anos. Os convocados por edital n\u00e3o foram encontradas por alguma inconsist\u00eancia no endere\u00e7o ou n\u00e3o realizaram o agendamento no prazo determinado.<\/p>\n<p style=\"text-align: justify;\"><strong>Nova convoca\u00e7\u00e3o<\/strong><\/p>\n<p style=\"text-align: justify;\">Ontem (12), mais 152,2 mil benefici\u00e1rios que n\u00e3o foram encontrados por carta ou n\u00e3o responderam ao chamado foram convocados. O edital com os nomes foi publicado no&nbsp;<em>Di\u00e1rio Oficial da Uni\u00e3o&nbsp;<\/em>(<a href=\"http:\/\/pesquisa.in.gov.br\/imprensa\/jsp\/visualiza\/index.jsp?data=12\/04\/2018&amp;jornal=530&amp;pagina=109&amp;totalArquivos=652\" target=\"_blank\" rel=\"noopener noreferrer\">se\u00e7\u00e3o 3, p\u00e1ginas 109 a 506<\/a>).<\/p>\n<p style=\"text-align: justify;\">Ao todo, passar\u00e3o pelo pente-fino do governo federal mais de 1,5 milh\u00e3o de benef\u00edcios por incapacidade, 552.998 benef\u00edcios de aux\u00edlio-doen\u00e7a e 1.004.886 de aposentadoria por invalidez. O processo de revis\u00e3o come\u00e7ou em 2016. Na primeira fase, foram feitas 279.761 per\u00edcias de aux\u00edlio-doen\u00e7a e 10.073 de aposentadoria por invalidez.<\/p>\n<p style=\"text-align: justify;\">A meta agora \u00e9 revisar 1,2 milh\u00e3o de benef\u00edcios ao longo 2018, sendo 273.803 de aux\u00edlio-doen\u00e7a e 995.107 de aposentadoria por invalidez. Na segunda fase do pente-fino, iniciada em mar\u00e7o, j\u00e1 foram realizadas 191.449 per\u00edcias (49.570 de aux\u00edlio-doen\u00e7a e 141.879 de aposentadoria por invalidez). Do total, 36.970 aux\u00edlios-doen\u00e7a e 43.009 aposentadorias por invalidez foram cancelados at\u00e9 10 de abril.<\/p>\n<p style=\"text-align: justify;\"><em>Ag\u00eancia Brasil<\/em><\/p>","protected":false},"excerpt":{"rendered":"<p>Os 94 mil benefici\u00e1rios de aux\u00edlio-doen\u00e7a e de aposentadoria por invalidez que foram&nbsp;convocados no m\u00eas passado&nbsp;pelo Instituto Nacional do Seguro Social (INSS) t\u00eam at\u00e9 esta sexta-feira, 13, para agendar a&#8230;<\/p>","protected":false},"author":2,"featured_media":31829,"comment_status":"open","ping_status":"closed","sticky":false,"template":"","format":"standard","meta":{"ngg_post_thumbnail":0,"footnotes":""},"categories":[47,39,33],"tags":[1926,384,237,2957,3624],"class_list":["post-31828","post","type-post","status-publish","format-standard","has-post-thumbnail","hentry","category-brasil","category-economia","category-noticias","tag-brasil","tag-economia-2","tag-inss","tag-pericia","tag-previdencia"],"amp_enabled":true,"_links":{"self":[{"href":"https:\/\/www2.comunitaria.com.br\/en\/wp-json\/wp\/v2\/posts\/31828","targetHints":{"allow":["GET"]}}],"collection":[{"href":"https:\/\/www2.comunitaria.com.br\/en\/wp-json\/wp\/v2\/posts"}],"about":[{"href":"https:\/\/www2.comunitaria.com.br\/en\/wp-json\/wp\/v2\/types\/post"}],"author":[{"embeddable":true,"href":"https:\/\/www2.comunitaria.com.br\/en\/wp-json\/wp\/v2\/users\/2"}],"replies":[{"embeddable":true,"href":"https:\/\/www2.comunitaria.com.br\/en\/wp-json\/wp\/v2\/comments?post=31828"}],"version-history":[{"count":0,"href":"https:\/\/www2.comunitaria.com.br\/en\/wp-json\/wp\/v2\/posts\/31828\/revisions"}],"wp:featuredmedia":[{"embeddable":true,"href":"https:\/\/www2.comunitaria.com.br\/en\/wp-json\/wp\/v2\/media\/31829"}],"wp:attachment":[{"href":"https:\/\/www2.comunitaria.com.br\/en\/wp-json\/wp\/v2\/media?parent=31828"}],"wp:term":[{"taxonomy":"category","embeddable":true,"href":"https:\/\/www2.comunitaria.com.br\/en\/wp-json\/wp\/v2\/categories?post=31828"},{"taxonomy":"post_tag","embeddable":true,"href":"https:\/\/www2.comunitaria.com.br\/en\/wp-json\/wp\/v2\/tags?post=31828"}],"curies":[{"name":"wp","href":"https:\/\/api.w.org\/{rel}","templated":true}]}}