{"id":3180,"date":"2015-04-02T17:15:31","date_gmt":"2015-04-02T19:15:31","guid":{"rendered":"http:\/\/www2.comunitaria.com.br\/?p=3180"},"modified":"2015-04-02T17:15:31","modified_gmt":"2015-04-02T19:15:31","slug":"policia-rodoviaria-federal-prende-um-individuo-por-receptacao","status":"publish","type":"post","link":"https:\/\/www2.comunitaria.com.br\/en\/policia-rodoviaria-federal-prende-um-individuo-por-receptacao\/","title":{"rendered":"Pol\u00edcia Rodovi\u00e1ria Federal prende um indiv\u00edduo por recepta\u00e7\u00e3o"},"content":{"rendered":"<p style=\"text-align: justify;\">Em Seberi, na BR 386 km 45, por volta das 21:00 horas desta quarta feira (1), os policiais ao sa\u00edrem do posto Kakareko, desconfiaram do ve\u00edculo FIAT\/DOBLO ESSENCE placa OLU8757\/SP conduzido pelo Sr. C. A. de P. de 24 anos. Numa observa\u00e7\u00e3o no interior do ve\u00edculo foi constatado que o mesmo estava sem os bancos e com ind\u00edcios de transporte de il\u00edcitos, possivelmente cigarros oriundos do Paraguai.<\/p>\n<p style=\"text-align: justify;\">Em consulta aos sistemas informatizados, o ve\u00edculo estava com ocorr\u00eancia de roubo\/furto no estado de SP. Dessa forma, o condutor foi preso em flagrante pelo crime de recepta\u00e7\u00e3o e encaminhado a DP de Seberi. Ainda, foram apreendidos R$ 2.206,00 reais em esp\u00e9cie que fariam parte do pagamento pela entrega do il\u00edcito.<\/p>","protected":false},"excerpt":{"rendered":"<p>Em Seberi, na BR 386 km 45, por volta das 21:00 horas desta quarta feira (1), os policiais ao sa\u00edrem do posto Kakareko, desconfiaram do ve\u00edculo FIAT\/DOBLO ESSENCE placa OLU8757\/SP&#8230;<\/p>","protected":false},"author":2,"featured_media":3181,"comment_status":"open","ping_status":"closed","sticky":false,"template":"","format":"standard","meta":{"ngg_post_thumbnail":0,"footnotes":""},"categories":[33,36,43],"tags":[394],"class_list":["post-3180","post","type-post","status-publish","format-standard","has-post-thumbnail","hentry","category-noticias","category-policia","category-regiao","tag-prf"],"amp_enabled":true,"_links":{"self":[{"href":"https:\/\/www2.comunitaria.com.br\/en\/wp-json\/wp\/v2\/posts\/3180","targetHints":{"allow":["GET"]}}],"collection":[{"href":"https:\/\/www2.comunitaria.com.br\/en\/wp-json\/wp\/v2\/posts"}],"about":[{"href":"https:\/\/www2.comunitaria.com.br\/en\/wp-json\/wp\/v2\/types\/post"}],"author":[{"embeddable":true,"href":"https:\/\/www2.comunitaria.com.br\/en\/wp-json\/wp\/v2\/users\/2"}],"replies":[{"embeddable":true,"href":"https:\/\/www2.comunitaria.com.br\/en\/wp-json\/wp\/v2\/comments?post=3180"}],"version-history":[{"count":0,"href":"https:\/\/www2.comunitaria.com.br\/en\/wp-json\/wp\/v2\/posts\/3180\/revisions"}],"wp:featuredmedia":[{"embeddable":true,"href":"https:\/\/www2.comunitaria.com.br\/en\/wp-json\/wp\/v2\/media\/3181"}],"wp:attachment":[{"href":"https:\/\/www2.comunitaria.com.br\/en\/wp-json\/wp\/v2\/media?parent=3180"}],"wp:term":[{"taxonomy":"category","embeddable":true,"href":"https:\/\/www2.comunitaria.com.br\/en\/wp-json\/wp\/v2\/categories?post=3180"},{"taxonomy":"post_tag","embeddable":true,"href":"https:\/\/www2.comunitaria.com.br\/en\/wp-json\/wp\/v2\/tags?post=3180"}],"curies":[{"name":"wp","href":"https:\/\/api.w.org\/{rel}","templated":true}]}}