{"id":3173,"date":"2015-04-02T03:47:37","date_gmt":"2015-04-02T05:47:37","guid":{"rendered":"http:\/\/www2.comunitaria.com.br\/?p=3173"},"modified":"2015-04-02T16:16:50","modified_gmt":"2015-04-02T18:16:50","slug":"feira-do-peixe-seis-mil-quilos-comercializados","status":"publish","type":"post","link":"https:\/\/www2.comunitaria.com.br\/en\/feira-do-peixe-seis-mil-quilos-comercializados\/","title":{"rendered":"Feira do Peixe: Seis mil quilos comercializados"},"content":{"rendered":"<p style=\"text-align: justify;\">Nesta quarta-feira, 1\u00ba de abril, aconteceu no Largo Vitalino Cerutti a terceira edi\u00e7\u00e3o da Feira do Peixe e do Produtor, realizada na administra\u00e7\u00e3o 2013 -2016. O evento \u00e9 uma realiza\u00e7\u00e3o da Prefeitura Municipal em parceria com o Sindicato dos Trabalhadores Rurais, escrit\u00f3rio municipal da Emater, Regional da Emater e Associa\u00e7\u00e3o dos Feirantes de Frederico Westphalen.<\/p>\n<p style=\"text-align: justify;\">A feira teve in\u00edcio \u00e0s 7h30 e se estendeu at\u00e9 o fim da tarde, sendo vendidos aproximadamente 6 mil quilos de peixes congelados. No local aconteceu tamb\u00e9m a venda de artesanato, produtos das agroind\u00fastrias, frutas e hortali\u00e7as, al\u00e9m da tradicional venda de por\u00e7\u00f5es de peixe \u00a0com polenta e mandioca frita &#8211; pela APAE.<\/p>\n<p style=\"text-align: justify;\">O secret\u00e1rio Lauro Somavilla, da Secretaria Municipal da Agricultura, destacou na abertura do evento a import\u00e2ncia da integra\u00e7\u00e3o do produtor e do consumidor neste dia, \u201c\u00e9 uma oportunidade dos produtores mostrarem o que produzem, oferecendo produtos fresquinhos e de qualidade para os consumidores\u201d.<\/p>\n<!--[if lt IE 9]><script>document.createElement('audio');<\/script><![endif]-->\n<audio class=\"wp-audio-shortcode\" id=\"audio-3173-1\" preload=\"none\" style=\"width: 100%;\" controls=\"controls\"><source type=\"audio\/mpeg\" src=\"http:\/\/www2.comunitaria.com.br\/wp-content\/uploads\/2015\/04\/betinho.mp3?_=1\" \/><a href=\"http:\/\/www2.comunitaria.com.br\/wp-content\/uploads\/2015\/04\/betinho.mp3\">http:\/\/www2.comunitaria.com.br\/wp-content\/uploads\/2015\/04\/betinho.mp3<\/a><\/audio>\n<p style=\"text-align: justify;\">O prefeito Roberto Felin Junior agradeceu a presen\u00e7a de todos e falou da import\u00e2ncia da escavadeira hidr\u00e1ulica para fazer a\u00e7udes no interior do munic\u00edpio, \u201cH\u00e1 um ano atr\u00e1s eu falei nesta feira que n\u00f3s precis\u00e1vamos investir em uma escavadeira hidr\u00e1ulica para come\u00e7ar a fazer a\u00e7ude no interior, hoje, um ano depois, a gente volta aqui para falar que a escavadeira foi comprada, 18 a\u00e7udes foram feitos e at\u00e9 o final do ano a agenda j\u00e1 est\u00e1 completa para fazer a\u00e7udes\u201d, disse o prefeito.<\/p>\n<p style=\"text-align: justify;\">A Prefeitura Municipal disponibilizou motorista e caminh\u00e3o frigor\u00edfico para retirada dos peixes das resid\u00eancias durante o dia 31, ter\u00e7a-feira, e para hoje no local evento. Al\u00e9m disso, a prefeitura distribuiu embalagens especiais padronizadas para armazenar os peixes e colaborou com toda estrutura na Pra\u00e7a da Matriz, como tendas, energia el\u00e9trica, \u00e1gua e divulga\u00e7\u00e3o.<\/p>\n<p style=\"text-align: justify;\">Os peixes comercializados tiveram acompanhamento nas propriedades pelos t\u00e9cnicos e agr\u00f4nomos da secretaria municipal da agricultura e da Emater, com a supervis\u00e3o da inspetoria veterin\u00e1ria e da vigil\u00e2ncia sanit\u00e1ria. Para Clair In\u00eas Magalski, morador da Linha Encruzilhada e um dos beneficiados com o maquin\u00e1rio da agricultura, a venda foi melhor esse ano do que no anterior. \u201cEsse ano trouxemos 400 quilos e vendemos tudo\u201d, conta Magalski.<\/p>\n<p style=\"text-align: justify;\"><em>A.I\/FW<\/em><\/p>","protected":false},"excerpt":{"rendered":"<p>Nesta quarta-feira, 1\u00ba de abril, aconteceu no Largo Vitalino Cerutti a terceira edi\u00e7\u00e3o da Feira do Peixe e do Produtor, realizada na administra\u00e7\u00e3o 2013 -2016. O evento \u00e9 uma realiza\u00e7\u00e3o da Prefeitura Municipal em parceria com o Sindicato dos Trabalhadores Rurais, escrit\u00f3rio municipal da Emater, Regional da Emater e Associa\u00e7\u00e3o dos Feirantes de Frederico Westphalen.<\/p>\n<div class=\"read-more-wrapper\"><a class=\"read-more\" href=\"https:\/\/www2.comunitaria.com.br\/en\/feira-do-peixe-seis-mil-quilos-comercializados\/\" title=\"Read More\"> <span class=\"button\">Read More<\/span><\/a><\/div>","protected":false},"author":2,"featured_media":3174,"comment_status":"open","ping_status":"closed","sticky":false,"template":"","format":"standard","meta":{"ngg_post_thumbnail":0,"footnotes":""},"categories":[51,42,28,33,45],"tags":[757,838],"class_list":["post-3173","post","type-post","status-publish","format-standard","has-post-thumbnail","hentry","category-audio","category-fred-west","category-destaque","category-noticias","category-rural","tag-feira-do-peixe","tag-fw"],"amp_enabled":true,"_links":{"self":[{"href":"https:\/\/www2.comunitaria.com.br\/en\/wp-json\/wp\/v2\/posts\/3173","targetHints":{"allow":["GET"]}}],"collection":[{"href":"https:\/\/www2.comunitaria.com.br\/en\/wp-json\/wp\/v2\/posts"}],"about":[{"href":"https:\/\/www2.comunitaria.com.br\/en\/wp-json\/wp\/v2\/types\/post"}],"author":[{"embeddable":true,"href":"https:\/\/www2.comunitaria.com.br\/en\/wp-json\/wp\/v2\/users\/2"}],"replies":[{"embeddable":true,"href":"https:\/\/www2.comunitaria.com.br\/en\/wp-json\/wp\/v2\/comments?post=3173"}],"version-history":[{"count":0,"href":"https:\/\/www2.comunitaria.com.br\/en\/wp-json\/wp\/v2\/posts\/3173\/revisions"}],"wp:featuredmedia":[{"embeddable":true,"href":"https:\/\/www2.comunitaria.com.br\/en\/wp-json\/wp\/v2\/media\/3174"}],"wp:attachment":[{"href":"https:\/\/www2.comunitaria.com.br\/en\/wp-json\/wp\/v2\/media?parent=3173"}],"wp:term":[{"taxonomy":"category","embeddable":true,"href":"https:\/\/www2.comunitaria.com.br\/en\/wp-json\/wp\/v2\/categories?post=3173"},{"taxonomy":"post_tag","embeddable":true,"href":"https:\/\/www2.comunitaria.com.br\/en\/wp-json\/wp\/v2\/tags?post=3173"}],"curies":[{"name":"wp","href":"https:\/\/api.w.org\/{rel}","templated":true}]}}