{"id":31678,"date":"2018-04-05T09:58:24","date_gmt":"2018-04-05T11:58:24","guid":{"rendered":"http:\/\/www2.comunitaria.com.br\/?p=31678"},"modified":"2018-04-05T09:58:24","modified_gmt":"2018-04-05T11:58:24","slug":"brigada-militar-realiza-operacao-avante","status":"publish","type":"post","link":"https:\/\/www2.comunitaria.com.br\/en\/brigada-militar-realiza-operacao-avante\/","title":{"rendered":"Brigada Militar realiza Opera\u00e7\u00e3o Avante"},"content":{"rendered":"<p style=\"text-align: justify;\">Com o objetivo de combater a criminalidade na regi\u00e3o, o 37\u00b0Batalh\u00e3o de Pol\u00edcia Militar realiza a Opera\u00e7\u00e3o Avante, montando barreiras para abordagens e fiscaliza\u00e7\u00e3o como forma de preven\u00e7\u00e3o.&nbsp;<\/p>\n<p style=\"text-align: justify;\">Nesta quarta-feira, 4, no munic\u00edpio de Planalto, durante as abordagens, foram efetuadas tr\u00eas pris\u00f5es de indiv\u00edduos que possu\u00edam contra si mandados de pris\u00e3o. Os acusados foram encaminhados \u00e0 Delegacia de Pol\u00edcia Civil para registro e posterior, ao Pres\u00eddio Estadual de Frederico Wes<span class=\"text_exposed_show\">tphalen.<\/span><\/p>\n<div class=\"text_exposed_show\">\n<p style=\"text-align: justify;\">Em Erval Seco, a Brigada Militar atendeu ocorr\u00eancia de homic\u00eddio e, ap\u00f3s buscas, foi efetuada a pris\u00e3o do autor fato. O acusado foi encaminhado \u00e0 Delegacia de Pol\u00edcia Civil onde foi lavrado o flagrante.&nbsp;<\/p>\n<p style=\"text-align: justify;\">Ainda, em apoio \u00e0 Pol\u00edcia Civil, no munic\u00edpio de Ametista do Sul, mais um mandado de pris\u00e3o foi cumprido, sendo o acusado encaminhado ao Pres\u00eddio Estadual de Ira\u00ed.A Brigada Militar segue intensificando os trabalhos de preven\u00e7\u00e3o, refor\u00e7ando o policiamento nos munic\u00edpios pertencentes ao 37\u00b0BPM.<\/p>\n<p style=\"text-align: justify;\">37\u00ba&nbsp; BPM&nbsp;<\/p>\n<\/div>","protected":false},"excerpt":{"rendered":"<p>Com o objetivo de combater a criminalidade na regi\u00e3o, o 37\u00b0Batalh\u00e3o de Pol\u00edcia Militar realiza a Opera\u00e7\u00e3o Avante, montando barreiras para abordagens e fiscaliza\u00e7\u00e3o como forma de preven\u00e7\u00e3o.&nbsp; Nesta quarta-feira, 4, no munic\u00edpio de Planalto, durante as abordagens, foram efetuadas tr\u00eas pris\u00f5es de indiv\u00edduos que possu\u00edam contra si mandados de pris\u00e3o. Os acusados foram encaminhados<\/p>\n<div class=\"read-more-wrapper\"><a class=\"read-more\" href=\"https:\/\/www2.comunitaria.com.br\/en\/brigada-militar-realiza-operacao-avante\/\" title=\"Read More\"> <span class=\"button\">Read More<\/span><\/a><\/div>","protected":false},"author":2,"featured_media":30632,"comment_status":"open","ping_status":"closed","sticky":false,"template":"","format":"standard","meta":{"ngg_post_thumbnail":0,"footnotes":""},"categories":[42,33,36,43],"tags":[3209,177,696,86],"class_list":["post-31678","post","type-post","status-publish","format-standard","has-post-thumbnail","hentry","category-fred-west","category-noticias","category-policia","category-regiao","tag-operacao-avante","tag-policia-2","tag-prisoes","tag-regiao-2"],"amp_enabled":true,"_links":{"self":[{"href":"https:\/\/www2.comunitaria.com.br\/en\/wp-json\/wp\/v2\/posts\/31678","targetHints":{"allow":["GET"]}}],"collection":[{"href":"https:\/\/www2.comunitaria.com.br\/en\/wp-json\/wp\/v2\/posts"}],"about":[{"href":"https:\/\/www2.comunitaria.com.br\/en\/wp-json\/wp\/v2\/types\/post"}],"author":[{"embeddable":true,"href":"https:\/\/www2.comunitaria.com.br\/en\/wp-json\/wp\/v2\/users\/2"}],"replies":[{"embeddable":true,"href":"https:\/\/www2.comunitaria.com.br\/en\/wp-json\/wp\/v2\/comments?post=31678"}],"version-history":[{"count":0,"href":"https:\/\/www2.comunitaria.com.br\/en\/wp-json\/wp\/v2\/posts\/31678\/revisions"}],"wp:featuredmedia":[{"embeddable":true,"href":"https:\/\/www2.comunitaria.com.br\/en\/wp-json\/wp\/v2\/media\/30632"}],"wp:attachment":[{"href":"https:\/\/www2.comunitaria.com.br\/en\/wp-json\/wp\/v2\/media?parent=31678"}],"wp:term":[{"taxonomy":"category","embeddable":true,"href":"https:\/\/www2.comunitaria.com.br\/en\/wp-json\/wp\/v2\/categories?post=31678"},{"taxonomy":"post_tag","embeddable":true,"href":"https:\/\/www2.comunitaria.com.br\/en\/wp-json\/wp\/v2\/tags?post=31678"}],"curies":[{"name":"wp","href":"https:\/\/api.w.org\/{rel}","templated":true}]}}