{"id":31495,"date":"2018-03-22T12:44:53","date_gmt":"2018-03-22T14:44:53","guid":{"rendered":"http:\/\/www2.comunitaria.com.br\/?p=31495"},"modified":"2018-03-22T12:47:13","modified_gmt":"2018-03-22T14:47:13","slug":"servidores-publicos-de-fw-preparam-nova-mobilizacao","status":"publish","type":"post","link":"https:\/\/www2.comunitaria.com.br\/en\/servidores-publicos-de-fw-preparam-nova-mobilizacao\/","title":{"rendered":"Servidores P\u00fablicos de FW preparam nova mobiliza\u00e7\u00e3o"},"content":{"rendered":"<p style=\"text-align: justify;\">O Sindicato dos Servidores P\u00fablicos Municipais de Frederico Westphalen (Sindisfred) promover\u00e1 mais uma mobiliza\u00e7\u00e3o nesta sexta-feira, 22. Os Servidores est\u00e3o em greve geral desde a \u00faltima segunda-feira, 19, e segundo o comit\u00ea de greve, ainda n\u00e3o houve nenhum tipo de conversa\u00e7\u00e3o sobre uma nova proposta de reajuste.&nbsp;<\/p>\n<p style=\"text-align: justify;\">O presidente do Sindisfred, Ivonei F\u00e3o, explic\u00e1 como se dar\u00e1 essa pr\u00f3xima mobiliza\u00e7\u00e3o:&nbsp;<\/p>\n<!--[if lt IE 9]><script>document.createElement('audio');<\/script><![endif]-->\n<audio class=\"wp-audio-shortcode\" id=\"audio-31495-1\" preload=\"none\" style=\"width: 100%;\" controls=\"controls\"><source type=\"audio\/mpeg\" src=\"http:\/\/www2.comunitaria.com.br\/wp-content\/uploads\/2018\/03\/ivo.mp3?_=1\" \/><a href=\"http:\/\/www2.comunitaria.com.br\/wp-content\/uploads\/2018\/03\/ivo.mp3\">http:\/\/www2.comunitaria.com.br\/wp-content\/uploads\/2018\/03\/ivo.mp3<\/a><\/audio>\n<p style=\"text-align: justify;\">O&nbsp;Sindicato havia apresentado uma proposta de reajuste de 6,81% em duas parcelas e vale-alimenta\u00e7\u00e3o de R$ 150 para todos os padr\u00f5es, o que n\u00e3o foi aceito pela administra\u00e7\u00e3o municipal, que manteve a proposta do reajuste me 3%&nbsp;&nbsp;e vale-alimenta\u00e7\u00e3o de R$ 140 para servidores at\u00e9 padr\u00e3o 3 e de R$ 115 para os servidores que est\u00e3o acima dele. Esta proposta do executivo n\u00e3o foi aceita pelo Sindisfred.&nbsp;<\/p>","protected":false},"excerpt":{"rendered":"<p>O Sindicato dos Servidores P\u00fablicos Municipais de Frederico Westphalen (Sindisfred) promover\u00e1 mais uma mobiliza\u00e7\u00e3o nesta sexta-feira, 22. Os Servidores est\u00e3o em greve geral desde a \u00faltima segunda-feira, 19, e segundo o comit\u00ea de greve, ainda n\u00e3o houve nenhum tipo de conversa\u00e7\u00e3o sobre uma nova proposta de reajuste.&nbsp; O presidente do Sindisfred, Ivonei F\u00e3o, explic\u00e1 como<\/p>\n<div class=\"read-more-wrapper\"><a class=\"read-more\" href=\"https:\/\/www2.comunitaria.com.br\/en\/servidores-publicos-de-fw-preparam-nova-mobilizacao\/\" title=\"Read More\"> <span class=\"button\">Read More<\/span><\/a><\/div>","protected":false},"author":2,"featured_media":31499,"comment_status":"open","ping_status":"closed","sticky":false,"template":"","format":"standard","meta":{"ngg_post_thumbnail":0,"footnotes":""},"categories":[42,33,43],"tags":[768,1532,705,1823],"class_list":["post-31495","post","type-post","status-publish","format-standard","has-post-thumbnail","hentry","category-fred-west","category-noticias","category-regiao","tag-greve","tag-mobilizacao","tag-servidores","tag-sindisfred"],"amp_enabled":true,"_links":{"self":[{"href":"https:\/\/www2.comunitaria.com.br\/en\/wp-json\/wp\/v2\/posts\/31495","targetHints":{"allow":["GET"]}}],"collection":[{"href":"https:\/\/www2.comunitaria.com.br\/en\/wp-json\/wp\/v2\/posts"}],"about":[{"href":"https:\/\/www2.comunitaria.com.br\/en\/wp-json\/wp\/v2\/types\/post"}],"author":[{"embeddable":true,"href":"https:\/\/www2.comunitaria.com.br\/en\/wp-json\/wp\/v2\/users\/2"}],"replies":[{"embeddable":true,"href":"https:\/\/www2.comunitaria.com.br\/en\/wp-json\/wp\/v2\/comments?post=31495"}],"version-history":[{"count":0,"href":"https:\/\/www2.comunitaria.com.br\/en\/wp-json\/wp\/v2\/posts\/31495\/revisions"}],"wp:featuredmedia":[{"embeddable":true,"href":"https:\/\/www2.comunitaria.com.br\/en\/wp-json\/wp\/v2\/media\/31499"}],"wp:attachment":[{"href":"https:\/\/www2.comunitaria.com.br\/en\/wp-json\/wp\/v2\/media?parent=31495"}],"wp:term":[{"taxonomy":"category","embeddable":true,"href":"https:\/\/www2.comunitaria.com.br\/en\/wp-json\/wp\/v2\/categories?post=31495"},{"taxonomy":"post_tag","embeddable":true,"href":"https:\/\/www2.comunitaria.com.br\/en\/wp-json\/wp\/v2\/tags?post=31495"}],"curies":[{"name":"wp","href":"https:\/\/api.w.org\/{rel}","templated":true}]}}