{"id":31494,"date":"2018-03-22T13:00:42","date_gmt":"2018-03-22T15:00:42","guid":{"rendered":"http:\/\/www2.comunitaria.com.br\/?p=31494"},"modified":"2018-03-22T13:00:59","modified_gmt":"2018-03-22T15:00:59","slug":"mp-instaura-inquerito-civil-para-apurar-condicoes-de-creches-em-fw","status":"publish","type":"post","link":"https:\/\/www2.comunitaria.com.br\/en\/mp-instaura-inquerito-civil-para-apurar-condicoes-de-creches-em-fw\/","title":{"rendered":"MP instaura inqu\u00e9rito civil para apurar condi\u00e7\u00f5es de creches em FW"},"content":{"rendered":"<p style=\"text-align: justify;\">O Minist\u00e9rio P\u00fablico de Frederico Westphalen, comunicou na manh\u00e3 desta quinta-feira, 21, a instaura\u00e7\u00e3o de um Inqu\u00e9rito Civil P\u00fablico que visa apurar as condi\u00e7\u00f5es das escolas de educa\u00e7\u00e3o infantil do munic\u00edpio. Em coletiva de imprensa realizada na manh\u00e3 de hoje, os promotores Jo\u00e3o Pedro Togni e Rog\u00e9rio Fava Santos, apresentaram situa\u00e7\u00f5es prec\u00e1rias de diferentes educand\u00e1rios da cidade.&nbsp;<\/p>\n<p style=\"text-align: justify;\">Visitas foram realizadas nas escolas na \u00faltima segunda e ter\u00e7a-feira e foram constatadas diferentes irregularidades como banheiros insuficientes, tapetes inadequados, refeit\u00f3rios impr\u00f3prios, trocadores sem prote\u00e7\u00e3o, brinquedos perigosos para a faixa et\u00e1ria atendida nas creches (0 a 4 anos), al\u00e9m da falta de espa\u00e7o externo, colchonetes rasgados e sem conforto, ambientes com n\u00famero elevado de crian\u00e7as, falta de material pedag\u00f3gico, dentre outras pontua\u00e7\u00f5es.&nbsp;<\/p>\n<p style=\"text-align: justify;\">Foram fiscalizadas as escolas: Ceci Capuani, Santa Luzia, V\u00f3 Gladys,&nbsp;John Ongman, Sofia Pich, Jo\u00e3o Paulo II, M\u00e3e de Deus e Nossa Senhora Aparecida. O promotor Jo\u00e3o Pedro falou sobre as visitas realizadas:&nbsp;<\/p>\n<!--[if lt IE 9]><script>document.createElement('audio');<\/script><![endif]-->\n<audio class=\"wp-audio-shortcode\" id=\"audio-31494-1\" preload=\"none\" style=\"width: 100%;\" controls=\"controls\"><source type=\"audio\/mpeg\" src=\"http:\/\/www2.comunitaria.com.br\/wp-content\/uploads\/2018\/03\/Promoto-Jo\u00e3o-pedro-01.mp3?_=1\" \/><a href=\"http:\/\/www2.comunitaria.com.br\/wp-content\/uploads\/2018\/03\/Promoto-Jo\u00e3o-pedro-01.mp3\">http:\/\/www2.comunitaria.com.br\/wp-content\/uploads\/2018\/03\/Promoto-Jo\u00e3o-pedro-01.mp3<\/a><\/audio>\n<p style=\"text-align: justify;\">O&nbsp;promotor Rog\u00e9rio destacou que este problema n\u00e3o \u00e9 atual e que j\u00e1 se estende h\u00e1 anos:&nbsp;<\/p>\n<audio class=\"wp-audio-shortcode\" id=\"audio-31494-2\" preload=\"none\" style=\"width: 100%;\" controls=\"controls\"><source type=\"audio\/mpeg\" src=\"http:\/\/www2.comunitaria.com.br\/wp-content\/uploads\/2018\/03\/Promotor-Rog\u00e9rio.mp3?_=2\" \/><a href=\"http:\/\/www2.comunitaria.com.br\/wp-content\/uploads\/2018\/03\/Promotor-Rog\u00e9rio.mp3\">http:\/\/www2.comunitaria.com.br\/wp-content\/uploads\/2018\/03\/Promotor-Rog\u00e9rio.mp3<\/a><\/audio>\n<p style=\"text-align: justify;\">O promotor Rog\u00e9rio ainda falou sobre as notifica\u00e7\u00f5es acerca das vagas nas creches e destacou que \u00e9 necess\u00e1rio compatibilizar quantidade de alunos e qualidade no atendimento dos mesmos:&nbsp;<\/p>\n<audio class=\"wp-audio-shortcode\" id=\"audio-31494-3\" preload=\"none\" style=\"width: 100%;\" controls=\"controls\"><source type=\"audio\/mpeg\" src=\"http:\/\/www2.comunitaria.com.br\/wp-content\/uploads\/2018\/03\/Rog\u00e9rio-03.mp3?_=3\" \/><a href=\"http:\/\/www2.comunitaria.com.br\/wp-content\/uploads\/2018\/03\/Rog\u00e9rio-03.mp3\">http:\/\/www2.comunitaria.com.br\/wp-content\/uploads\/2018\/03\/Rog\u00e9rio-03.mp3<\/a><\/audio>\n<p style=\"text-align: justify;\">Os pr\u00f3ximos passos ser\u00e3o a expedi\u00e7\u00e3o de of\u00edcios ao Crea e ao Cau, conselhos de engenharia e Arquitetura, com a finalidade de verificar as estruturas materiais e prediais das escolas. Tamb\u00e9m foi solicitado apoio do Corpo de Bombeiros para verificar os Alvar\u00e1s dos educand\u00e1rios, bem como as condi\u00e7\u00f5es de seguran\u00e7a dos locais. Tamb\u00e9m ser\u00e1 oficiada a Vigil\u00e2ncia Sanit\u00e1ria, por causa das situa\u00e7\u00f5es de banheiros e cozinhas inadequadas.&nbsp;Al\u00e9m disso, j\u00e1 est\u00e1 marcada, para a&nbsp;pr\u00f3xima semana uma Audi\u00eancia, na qual o prefeito do munic\u00edpio, bem como secret\u00e1ria de educa\u00e7\u00e3o j\u00e1 foram notificados, onde todas as demandas ser\u00e3o transmitidas aos respons\u00e1veis.<\/p>","protected":false},"excerpt":{"rendered":"<p>O Minist\u00e9rio P\u00fablico de Frederico Westphalen, comunicou na manh\u00e3 desta quinta-feira, 21, a instaura\u00e7\u00e3o de um Inqu\u00e9rito Civil P\u00fablico que visa apurar as condi\u00e7\u00f5es das escolas de educa\u00e7\u00e3o infantil do munic\u00edpio. Em coletiva de imprensa realizada na manh\u00e3 de hoje, os promotores Jo\u00e3o Pedro Togni e Rog\u00e9rio Fava Santos, apresentaram situa\u00e7\u00f5es prec\u00e1rias de diferentes educand\u00e1rios<\/p>\n<div class=\"read-more-wrapper\"><a class=\"read-more\" href=\"https:\/\/www2.comunitaria.com.br\/en\/mp-instaura-inquerito-civil-para-apurar-condicoes-de-creches-em-fw\/\" title=\"Read More\"> <span class=\"button\">Read More<\/span><\/a><\/div>","protected":false},"author":2,"featured_media":31501,"comment_status":"open","ping_status":"closed","sticky":false,"template":"","format":"standard","meta":{"ngg_post_thumbnail":0,"footnotes":""},"categories":[44,28,33],"tags":[3670,413,3918,318],"class_list":["post-31494","post","type-post","status-publish","format-standard","has-post-thumbnail","hentry","category-educacao","category-destaque","category-noticias","tag-creches","tag-educacao-2","tag-emeis","tag-ministerio-publico"],"amp_enabled":true,"_links":{"self":[{"href":"https:\/\/www2.comunitaria.com.br\/en\/wp-json\/wp\/v2\/posts\/31494","targetHints":{"allow":["GET"]}}],"collection":[{"href":"https:\/\/www2.comunitaria.com.br\/en\/wp-json\/wp\/v2\/posts"}],"about":[{"href":"https:\/\/www2.comunitaria.com.br\/en\/wp-json\/wp\/v2\/types\/post"}],"author":[{"embeddable":true,"href":"https:\/\/www2.comunitaria.com.br\/en\/wp-json\/wp\/v2\/users\/2"}],"replies":[{"embeddable":true,"href":"https:\/\/www2.comunitaria.com.br\/en\/wp-json\/wp\/v2\/comments?post=31494"}],"version-history":[{"count":0,"href":"https:\/\/www2.comunitaria.com.br\/en\/wp-json\/wp\/v2\/posts\/31494\/revisions"}],"wp:featuredmedia":[{"embeddable":true,"href":"https:\/\/www2.comunitaria.com.br\/en\/wp-json\/wp\/v2\/media\/31501"}],"wp:attachment":[{"href":"https:\/\/www2.comunitaria.com.br\/en\/wp-json\/wp\/v2\/media?parent=31494"}],"wp:term":[{"taxonomy":"category","embeddable":true,"href":"https:\/\/www2.comunitaria.com.br\/en\/wp-json\/wp\/v2\/categories?post=31494"},{"taxonomy":"post_tag","embeddable":true,"href":"https:\/\/www2.comunitaria.com.br\/en\/wp-json\/wp\/v2\/tags?post=31494"}],"curies":[{"name":"wp","href":"https:\/\/api.w.org\/{rel}","templated":true}]}}