{"id":3149,"date":"2015-04-01T10:52:00","date_gmt":"2015-04-01T12:52:00","guid":{"rendered":"http:\/\/www2.comunitaria.com.br\/?p=3149"},"modified":"2015-04-01T10:52:00","modified_gmt":"2015-04-01T12:52:00","slug":"edelvania-muda-versao-sobre-morte-de-bernardo","status":"publish","type":"post","link":"https:\/\/www2.comunitaria.com.br\/en\/edelvania-muda-versao-sobre-morte-de-bernardo\/","title":{"rendered":"Edelv\u00e2nia muda vers\u00e3o sobre morte de Bernardo"},"content":{"rendered":"<p style=\"text-align: justify;\">A\u00a0poucos dias de se completar um ano da\u00a0morte do menino Bernardo Uglione Boldrini, 11 anos, a defesa de\u00a0Edelv\u00e2nia Wirganovicz, r\u00e9 no processo sobre o homic\u00eddio, tenta mais uma vez desqualificar a investiga\u00e7\u00e3o policial. O advogado da assistente social, Demetryus Eugenio Grapiglia, divulgou um v\u00eddeo com uma entrevista realizada por ele com sua cliente, em que ela apresenta uma vers\u00e3o diferente do\u00a0depoimento que prestou \u00e0 pol\u00edcia em abril do ano passado. As imagens foram gravadas em novembro de 2014, dentro da Penitenci\u00e1ria Feminina de Gua\u00edba, onde Edelv\u00e2nia est\u00e1 recolhida, epublicadas na p\u00e1gina do advogado no YouTube\u00a0no dia 26 de mar\u00e7o. Grapiglia contesta o relato dado \u00e0 pol\u00edcia\u00a0desde que assumiu a defesa\u00a0de sua cliente.<\/p>\n<p>Conforme o advogado, a entrevista com sua cliente s\u00f3 foi divulgada agora para n\u00e3o atrapalhar a condu\u00e7\u00e3o do processo e porque a defesa considerou &#8220;o momento oportuno&#8221;, uma vez que resta apenas uma testemunha ser ouvida. No v\u00eddeo, Edelv\u00e2nia diz que Bernardo morreu em decorr\u00eancia do excesso de medicamentos ministrados pela madrasta do garoto,\u00a0Graciele Ugulini, que tamb\u00e9m est\u00e1 presa e responde por homic\u00eddio qualificado e oculta\u00e7\u00e3o de cad\u00e1ver. \u00c0 pol\u00edcia, poucos dias ap\u00f3s o crime, a assistente social afirmou que a morte do menino teria sido provocada por\u00a0inje\u00e7\u00e3o letal, administrada por Graciele.<\/p>\n<p style=\"text-align: justify;\">\u00a0[youtube]https:\/\/www.youtube.com\/watch?v=EdWmY7uDhxQ[\/youtube]<\/p>\n<p style=\"text-align: justify;\">\u2013 A Kelli (apelido de Graciele) pega, abre a bolsa dela e pega uma cartela l\u00e1 de comprimidos e vai tirando, tira um monte. Um monte, mais ou menos uns cinco, seis, um punhado assim e d\u00e1 para ele tomar \u2013 diz Edelv\u00e2nia no v\u00eddeo divulgado pelo advogado.<\/p>\n<p>Nas imagens, Grapiglia pergunta se Bernardo tomou os medicamentos. Ela responde que sim.<\/p>\n<p>\u2013 S\u00f3 que acabou acontecendo que o Bernardo caiu, desmaiou dentro do carro. Ela (Graciele) \u00e9 enfermeira, ela sabe, pegou no pulso dele e chacoalhava ele estava desmaiado \u2013 afirmou. \u2013 A gente foi l\u00e1, pegou o corpo do guri, a gente trouxe e colocamo (sic) dentro daquele saco. Fiz o que ela mandava, e a gente colocou l\u00e1 na cova \u2013 completou.<\/p>\n<p>O advogado da assistente social afirma que o depoimento dela \u00e0 pol\u00edcia foi &#8220;forjado&#8221;.<\/p>\n<p>\u2013 Aquele primeiro v\u00eddeo foi gravado sem a presen\u00e7a de advogado. Para n\u00f3s, aquele depoimento n\u00e3o tem validade. Colocaram palavras na boca dela. Eu levo uma pessoa totalmente desastabilizada emocionalmente para uma sala reservada e ofere\u00e7o mil e uma maravilhas, ela confessa at\u00e9 a morte de Jesus Cristo \u2013 afirmou.<\/p>\n<p>A estrat\u00e9gia da defesa de Edelv\u00e2nia consiste em responsabiliza-l\u00e1 apenas por oculta\u00e7\u00e3o de cad\u00e1ver, com pena m\u00e1xima de tr\u00eas anos. Ela foi\u00a0denunciada pelo Minist\u00e9rio P\u00fablico Estadual (MP)\u00a0por homic\u00eddio triplamente qualificado e, se condenada, pode pegar mais de 20 anos de deten\u00e7\u00e3o. \u00c0 pol\u00edcia, Edelv\u00e2nia disse que ajudou a madrasta de Bernardo no assassinato em troca de dinheiro que teria usado para a compra de um apartamento. Depois, mudou a vers\u00e3o afirmando que adquiriu o im\u00f3vel com recursos pr\u00f3prios e da m\u00e3e.<\/p>\n<p>O MP, por meio de sua assessoria de imprensa, informou que a promotoria mant\u00e9m sua convic\u00e7\u00e3o quando a culpa dos r\u00e9us e n\u00e3o ir\u00e1 comentar as teses das defesas. A delegada regional de Tr\u00eas Passos, Cristiane de Moura e Silva, classificou o v\u00eddeo divulgado com um movimento &#8220;natural&#8221; da defesa e garantiu que o depoimento colhido pela pol\u00edcia seguiu todos os procedimentos legais.<\/p>\n<p>\u2013 \u00c9 o trabalho da defesa tentar livr\u00e1-la. (\u00c0 \u00e9poca do crime) ela (Edelv\u00e2nia) foi orientada sobre o direito de ficar em sil\u00eancio ou se manifestar em ju\u00edzo e decidiu prestar o depoimento mesmo assim. Isso est\u00e1 claro no v\u00eddeo (gravado pela pol\u00edcia) \u2013\u00a0afirmou.<\/p>\n<p>N\u00e3o \u00e9 a primeira vez\u00a0que a defesa de Edelv\u00e2nia questiona a vers\u00e3o apresentada no inqu\u00e9rito conclu\u00edda pela Pol\u00edcia Civil de Tr\u00eas Passos. Em 14 de abril do ano passado, a assistente social confessou participa\u00e7\u00e3o na morte de Bernardo e contou detalhes do planejamento e da execu\u00e7\u00e3o do crime, cometido junto com a madrasta do garoto, Graciele Ugulini. O depoimento foi gravado pela pol\u00edcia e teve conte\u00fado divulgado por Zero Hora com exclusividade\u00a0no dia 19 daquele m\u00eas. Em julho, ZH veiculou o\u00a0v\u00eddeo da confiss\u00e3o.<\/p>\n<p>Assim que o depoimento se tornou p\u00fablico, o defensor de Edelv\u00e2nia passou a questionar a validade do relato, afirmando que teria sido obtido por meio il\u00edcito em raz\u00e3o da aus\u00eancia de um advogado. Ouvido por ZH sobre a pol\u00eamica na \u00e9poca, o advogado Felipe Moreira de Oliveira, professor Direito Processual Penal da PUCRS, explicou que o argumento dificilmente levaria \u00e0 anula\u00e7\u00e3o do depoimento, porque o Superior Tribunal de Justi\u00e7a j\u00e1 havia publicado decis\u00e3o dizendo que, se a pessoa \u00e9 alertada dos direitos e opta por depor mesmo assim, o relato n\u00e3o \u00e9 nulo.<\/p>\n<p>* Zero Hora<\/p>","protected":false},"excerpt":{"rendered":"<p>A\u00a0poucos dias de se completar um ano da\u00a0morte do menino Bernardo Uglione Boldrini, 11 anos, a defesa de\u00a0Edelv\u00e2nia Wirganovicz, r\u00e9 no processo sobre o homic\u00eddio, tenta mais uma vez desqualificar a investiga\u00e7\u00e3o policial. O advogado da assistente social, Demetryus Eugenio Grapiglia, divulgou um v\u00eddeo com uma entrevista realizada por ele com sua cliente, em que<\/p>\n<div class=\"read-more-wrapper\"><a class=\"read-more\" href=\"https:\/\/www2.comunitaria.com.br\/en\/edelvania-muda-versao-sobre-morte-de-bernardo\/\" title=\"Read More\"> <span class=\"button\">Read More<\/span><\/a><\/div>","protected":false},"author":2,"featured_media":3150,"comment_status":"open","ping_status":"closed","sticky":false,"template":"","format":"standard","meta":{"ngg_post_thumbnail":0,"footnotes":""},"categories":[51,42,33,36],"tags":[837],"class_list":["post-3149","post","type-post","status-publish","format-standard","has-post-thumbnail","hentry","category-audio","category-fred-west","category-noticias","category-policia","tag-caso-bernardo"],"amp_enabled":true,"_links":{"self":[{"href":"https:\/\/www2.comunitaria.com.br\/en\/wp-json\/wp\/v2\/posts\/3149","targetHints":{"allow":["GET"]}}],"collection":[{"href":"https:\/\/www2.comunitaria.com.br\/en\/wp-json\/wp\/v2\/posts"}],"about":[{"href":"https:\/\/www2.comunitaria.com.br\/en\/wp-json\/wp\/v2\/types\/post"}],"author":[{"embeddable":true,"href":"https:\/\/www2.comunitaria.com.br\/en\/wp-json\/wp\/v2\/users\/2"}],"replies":[{"embeddable":true,"href":"https:\/\/www2.comunitaria.com.br\/en\/wp-json\/wp\/v2\/comments?post=3149"}],"version-history":[{"count":0,"href":"https:\/\/www2.comunitaria.com.br\/en\/wp-json\/wp\/v2\/posts\/3149\/revisions"}],"wp:featuredmedia":[{"embeddable":true,"href":"https:\/\/www2.comunitaria.com.br\/en\/wp-json\/wp\/v2\/media\/3150"}],"wp:attachment":[{"href":"https:\/\/www2.comunitaria.com.br\/en\/wp-json\/wp\/v2\/media?parent=3149"}],"wp:term":[{"taxonomy":"category","embeddable":true,"href":"https:\/\/www2.comunitaria.com.br\/en\/wp-json\/wp\/v2\/categories?post=3149"},{"taxonomy":"post_tag","embeddable":true,"href":"https:\/\/www2.comunitaria.com.br\/en\/wp-json\/wp\/v2\/tags?post=3149"}],"curies":[{"name":"wp","href":"https:\/\/api.w.org\/{rel}","templated":true}]}}