{"id":31412,"date":"2018-03-15T22:58:06","date_gmt":"2018-03-16T00:58:06","guid":{"rendered":"http:\/\/www2.comunitaria.com.br\/?p=31412"},"modified":"2018-03-16T12:35:47","modified_gmt":"2018-03-16T14:35:47","slug":"servidores-municipais-de-fw-aprovam-greve","status":"publish","type":"post","link":"https:\/\/www2.comunitaria.com.br\/en\/servidores-municipais-de-fw-aprovam-greve\/","title":{"rendered":"Servidores municipais de FW aprovam greve"},"content":{"rendered":"<p style=\"text-align: justify;\">Por 57 votos favor\u00e1veis e 37 contr\u00e1rios, os servidores municipais de Frederico Westphalen aprovaram greve geral da categoria. A decis\u00e3o ocorreu em assembleia na noite desta quinta-feira, 15, realizada no plen\u00e1rio da c\u00e2mara de vereadores.&nbsp;&nbsp;<\/p>\n<p style=\"text-align: justify;\">Sindicato dos Servidores Municipais de Frederico Westphalen (Sindisfred) havia apresentado uma proposta de reajuste de 6,81% em duas parcelas e vale-alimenta\u00e7\u00e3o de R$ 150 para todos os padr\u00f5es, o que n\u00e3o foi aceito pela administra\u00e7\u00e3o municipal, que manteve a proposta do reajuste me 3%&nbsp;&nbsp;e vale-alimenta\u00e7\u00e3o de R$ 140 para servidores at\u00e9 padr\u00e3o 3 e de R$ 115 para os servidores que est\u00e3o acima dele. Esta proposta do executivo n\u00e3o foi aceita pelo Sindisfred.&nbsp;<\/p>\n<p style=\"text-align: justify;\">Um comit\u00ea de greve foi formado durante a assembleia e se re\u00fane pela primeira vez nesta sexta-feira, 16, para discutir os primeiros encaminhamentos.&nbsp;<\/p>\n<p style=\"text-align: justify;\">Confira o of\u00edcio disponibilizado pelo sindicato:&nbsp;<\/p>\n\n\t\t<style type=\"text\/css\">\n\t\t\t#gallery-1 {\n\t\t\t\tmargin: auto;\n\t\t\t}\n\t\t\t#gallery-1 .gallery-item {\n\t\t\t\tfloat: left;\n\t\t\t\tmargin-top: 10px;\n\t\t\t\ttext-align: center;\n\t\t\t\twidth: 33%;\n\t\t\t}\n\t\t\t#gallery-1 img {\n\t\t\t\tborder: 2px solid #cfcfcf;\n\t\t\t}\n\t\t\t#gallery-1 .gallery-caption {\n\t\t\t\tmargin-left: 0;\n\t\t\t}\n\t\t\t\/* see gallery_shortcode() in wp-includes\/media.php *\/\n\t\t<\/style>\n\t\t<div id='gallery-1' class='gallery galleryid-31412 gallery-columns-3 gallery-size-thumbnail'><dl class='gallery-item'>\n\t\t\t<dt class='gallery-icon portrait'>\n\t\t\t\t<a href='https:\/\/www2.comunitaria.com.br\/en\/servidores-municipais-de-fw-aprovam-greve\/imagem-212\/'><img loading=\"lazy\" decoding=\"async\" width=\"150\" height=\"150\" src=\"https:\/\/www2.comunitaria.com.br\/wp-content\/uploads\/2018\/03\/Imagem-212-150x150.jpg\" class=\"attachment-thumbnail size-thumbnail\" alt=\"\" srcset=\"https:\/\/www2.comunitaria.com.br\/wp-content\/uploads\/2018\/03\/Imagem-212-150x150.jpg 150w, https:\/\/www2.comunitaria.com.br\/wp-content\/uploads\/2018\/03\/Imagem-212-65x65.jpg 65w\" sizes=\"auto, (max-width: 150px) 100vw, 150px\" \/><\/a>\n\t\t\t<\/dt><\/dl><dl class='gallery-item'>\n\t\t\t<dt class='gallery-icon portrait'>\n\t\t\t\t<a href='https:\/\/www2.comunitaria.com.br\/en\/servidores-municipais-de-fw-aprovam-greve\/imagem-213\/'><img loading=\"lazy\" decoding=\"async\" width=\"150\" height=\"150\" src=\"https:\/\/www2.comunitaria.com.br\/wp-content\/uploads\/2018\/03\/Imagem-213-150x150.jpg\" class=\"attachment-thumbnail size-thumbnail\" alt=\"\" srcset=\"https:\/\/www2.comunitaria.com.br\/wp-content\/uploads\/2018\/03\/Imagem-213-150x150.jpg 150w, https:\/\/www2.comunitaria.com.br\/wp-content\/uploads\/2018\/03\/Imagem-213-65x65.jpg 65w\" sizes=\"auto, (max-width: 150px) 100vw, 150px\" \/><\/a>\n\t\t\t<\/dt><\/dl><dl class='gallery-item'>\n\t\t\t<dt class='gallery-icon portrait'>\n\t\t\t\t<a href='https:\/\/www2.comunitaria.com.br\/en\/servidores-municipais-de-fw-aprovam-greve\/imagem-214\/'><img loading=\"lazy\" decoding=\"async\" width=\"150\" height=\"150\" src=\"https:\/\/www2.comunitaria.com.br\/wp-content\/uploads\/2018\/03\/Imagem-214-150x150.jpg\" class=\"attachment-thumbnail size-thumbnail\" alt=\"\" srcset=\"https:\/\/www2.comunitaria.com.br\/wp-content\/uploads\/2018\/03\/Imagem-214-150x150.jpg 150w, https:\/\/www2.comunitaria.com.br\/wp-content\/uploads\/2018\/03\/Imagem-214-65x65.jpg 65w\" sizes=\"auto, (max-width: 150px) 100vw, 150px\" \/><\/a>\n\t\t\t<\/dt><\/dl><br style=\"clear: both\" \/>\n\t\t<\/div>\n\n<p style=\"text-align: justify;\">&nbsp;<em>Foto: \/ Folha do Noroeste<\/em><\/p>\n<p style=\"text-align: justify;\">&nbsp;<\/p>\n<p>&nbsp;<\/p>","protected":false},"excerpt":{"rendered":"<p>Por 57 votos favor\u00e1veis e 37 contr\u00e1rios, os servidores municipais de Frederico Westphalen aprovaram greve geral da categoria. A decis\u00e3o ocorreu em assembleia na noite desta quinta-feira, 15, realizada no plen\u00e1rio da c\u00e2mara de vereadores.&nbsp;&nbsp; Sindicato dos Servidores Municipais de Frederico Westphalen (Sindisfred) havia apresentado uma proposta de reajuste de 6,81% em duas parcelas e<\/p>\n<div class=\"read-more-wrapper\"><a class=\"read-more\" href=\"https:\/\/www2.comunitaria.com.br\/en\/servidores-municipais-de-fw-aprovam-greve\/\" title=\"Read More\"> <span class=\"button\">Read More<\/span><\/a><\/div>","protected":false},"author":2,"featured_media":31413,"comment_status":"open","ping_status":"closed","sticky":false,"template":"","format":"standard","meta":{"ngg_post_thumbnail":0,"footnotes":""},"categories":[39,42,28,33,43,45,37],"tags":[768,226,1823],"class_list":["post-31412","post","type-post","status-publish","format-standard","has-post-thumbnail","hentry","category-economia","category-fred-west","category-destaque","category-noticias","category-regiao","category-rural","category-saude","tag-greve","tag-prefeitura","tag-sindisfred"],"amp_enabled":true,"_links":{"self":[{"href":"https:\/\/www2.comunitaria.com.br\/en\/wp-json\/wp\/v2\/posts\/31412","targetHints":{"allow":["GET"]}}],"collection":[{"href":"https:\/\/www2.comunitaria.com.br\/en\/wp-json\/wp\/v2\/posts"}],"about":[{"href":"https:\/\/www2.comunitaria.com.br\/en\/wp-json\/wp\/v2\/types\/post"}],"author":[{"embeddable":true,"href":"https:\/\/www2.comunitaria.com.br\/en\/wp-json\/wp\/v2\/users\/2"}],"replies":[{"embeddable":true,"href":"https:\/\/www2.comunitaria.com.br\/en\/wp-json\/wp\/v2\/comments?post=31412"}],"version-history":[{"count":0,"href":"https:\/\/www2.comunitaria.com.br\/en\/wp-json\/wp\/v2\/posts\/31412\/revisions"}],"wp:featuredmedia":[{"embeddable":true,"href":"https:\/\/www2.comunitaria.com.br\/en\/wp-json\/wp\/v2\/media\/31413"}],"wp:attachment":[{"href":"https:\/\/www2.comunitaria.com.br\/en\/wp-json\/wp\/v2\/media?parent=31412"}],"wp:term":[{"taxonomy":"category","embeddable":true,"href":"https:\/\/www2.comunitaria.com.br\/en\/wp-json\/wp\/v2\/categories?post=31412"},{"taxonomy":"post_tag","embeddable":true,"href":"https:\/\/www2.comunitaria.com.br\/en\/wp-json\/wp\/v2\/tags?post=31412"}],"curies":[{"name":"wp","href":"https:\/\/api.w.org\/{rel}","templated":true}]}}