{"id":3132,"date":"2015-08-11T15:20:41","date_gmt":"2015-08-11T17:20:41","guid":{"rendered":"http:\/\/www2.comunitaria.com.br\/?p=3132"},"modified":"2015-08-11T16:20:03","modified_gmt":"2015-08-11T18:20:03","slug":"mateada-de-erval-seco-e-bate-casco-comecam-esta-semana","status":"publish","type":"post","link":"https:\/\/www2.comunitaria.com.br\/en\/mateada-de-erval-seco-e-bate-casco-comecam-esta-semana\/","title":{"rendered":"Mateada de Erval Seco e Bate Casco come\u00e7am esta semana"},"content":{"rendered":"<p style=\"text-align: justify;\">A tradicional Mateada de Erval Seco chega a sua 31\u00aa edi\u00e7\u00e3o. O evento ocorrer\u00e1 do dia 13 a 16 de agosto. Juntamente com a mateada, ocorre o 25\u00b0 Bate Casco.<\/p>\n<p style=\"text-align: justify;\">A Mateada traz <span class=\"texto\">quatro dias de acampamento em volta da Pra\u00e7a do Imigrante e conta com distribui\u00e7\u00e3o gratuita de erva-mate, apresenta\u00e7\u00f5es art\u00edsticas de CTGs da regi\u00e3o e shows com artistas e grupos ga\u00fachos. O Bate Casco \u00e9 uma cavalgada <\/span>que sai de Ira\u00ed na ter\u00e7a-feira (11) e chega em Erval Seco na sexta-feira (14).<\/p>\n<p>Entre os shows est\u00e3o a banda Top Sul, grupo Oh De Casa, banda Champion e C\u00e9sar Oliveira e Rog\u00e9rio Melo.<\/p>\n<p style=\"text-align: justify;\">A Mateada \u00e9 uma realiza\u00e7\u00e3o do\u00a0CTG Mate Amargo e Escola Estadual de Ensino M\u00e9dio Olivia de Paula Falc\u00e3o.<\/p>\n<p style=\"text-align: justify;\">Confira a programa\u00e7\u00e3o completa:<em><br \/>\n<\/em><\/p>\n<p style=\"text-align: justify;\"><a href=\"http:\/\/www2.comunitaria.com.br\/wp-content\/uploads\/2015\/03\/51510-700x400-1.jpg\"><img loading=\"lazy\" decoding=\"async\" class=\"aligncenter wp-image-5755 size-large\" src=\"http:\/\/www2.comunitaria.com.br\/wp-content\/uploads\/2015\/03\/51510-700x400-1-1024x717.jpg\" alt=\"51510-700x400-1\" width=\"1024\" height=\"717\" srcset=\"https:\/\/www2.comunitaria.com.br\/wp-content\/uploads\/2015\/03\/51510-700x400-1-1024x717.jpg 1024w, https:\/\/www2.comunitaria.com.br\/wp-content\/uploads\/2015\/03\/51510-700x400-1-300x210.jpg 300w, https:\/\/www2.comunitaria.com.br\/wp-content\/uploads\/2015\/03\/51510-700x400-1.jpg 1680w\" sizes=\"auto, (max-width: 1024px) 100vw, 1024px\" \/><\/a><\/p>\n<p style=\"text-align: justify;\"><a href=\"http:\/\/www2.comunitaria.com.br\/wp-content\/uploads\/2015\/03\/11722243_398202937041968_2589259719264704563_o.jpg\"><img loading=\"lazy\" decoding=\"async\" class=\"aligncenter wp-image-5752 size-large\" src=\"http:\/\/www2.comunitaria.com.br\/wp-content\/uploads\/2015\/03\/11722243_398202937041968_2589259719264704563_o-1024x717.jpg\" alt=\"11722243_398202937041968_2589259719264704563_o\" width=\"1024\" height=\"717\" srcset=\"https:\/\/www2.comunitaria.com.br\/wp-content\/uploads\/2015\/03\/11722243_398202937041968_2589259719264704563_o-1024x717.jpg 1024w, https:\/\/www2.comunitaria.com.br\/wp-content\/uploads\/2015\/03\/11722243_398202937041968_2589259719264704563_o-300x210.jpg 300w, https:\/\/www2.comunitaria.com.br\/wp-content\/uploads\/2015\/03\/11722243_398202937041968_2589259719264704563_o.jpg 1680w\" sizes=\"auto, (max-width: 1024px) 100vw, 1024px\" \/><\/a><\/p>","protected":false},"excerpt":{"rendered":"<p>A tradicional Mateada de Erval Seco chega a sua 31\u00aa edi\u00e7\u00e3o. O evento ocorrer\u00e1 do dia 13 a 16 de agosto. Juntamente com a mateada, ocorre o 25\u00b0 Bate Casco. A Mateada traz quatro dias de acampamento em volta da Pra\u00e7a do Imigrante e conta com distribui\u00e7\u00e3o gratuita de erva-mate, apresenta\u00e7\u00f5es art\u00edsticas de CTGs da<\/p>\n<div class=\"read-more-wrapper\"><a class=\"read-more\" href=\"https:\/\/www2.comunitaria.com.br\/en\/mateada-de-erval-seco-e-bate-casco-comecam-esta-semana\/\" title=\"Read More\"> <span class=\"button\">Read More<\/span><\/a><\/div>","protected":false},"author":2,"featured_media":5749,"comment_status":"open","ping_status":"closed","sticky":false,"template":"","format":"standard","meta":{"ngg_post_thumbnail":0,"footnotes":""},"categories":[100,28,33,43,35],"tags":[232,836],"class_list":["post-3132","post","type-post","status-publish","format-standard","has-post-thumbnail","hentry","category-musica","category-destaque","category-noticias","category-regiao","category-variedades","tag-erval-seco","tag-mateada"],"amp_enabled":true,"_links":{"self":[{"href":"https:\/\/www2.comunitaria.com.br\/en\/wp-json\/wp\/v2\/posts\/3132","targetHints":{"allow":["GET"]}}],"collection":[{"href":"https:\/\/www2.comunitaria.com.br\/en\/wp-json\/wp\/v2\/posts"}],"about":[{"href":"https:\/\/www2.comunitaria.com.br\/en\/wp-json\/wp\/v2\/types\/post"}],"author":[{"embeddable":true,"href":"https:\/\/www2.comunitaria.com.br\/en\/wp-json\/wp\/v2\/users\/2"}],"replies":[{"embeddable":true,"href":"https:\/\/www2.comunitaria.com.br\/en\/wp-json\/wp\/v2\/comments?post=3132"}],"version-history":[{"count":0,"href":"https:\/\/www2.comunitaria.com.br\/en\/wp-json\/wp\/v2\/posts\/3132\/revisions"}],"wp:featuredmedia":[{"embeddable":true,"href":"https:\/\/www2.comunitaria.com.br\/en\/wp-json\/wp\/v2\/media\/5749"}],"wp:attachment":[{"href":"https:\/\/www2.comunitaria.com.br\/en\/wp-json\/wp\/v2\/media?parent=3132"}],"wp:term":[{"taxonomy":"category","embeddable":true,"href":"https:\/\/www2.comunitaria.com.br\/en\/wp-json\/wp\/v2\/categories?post=3132"},{"taxonomy":"post_tag","embeddable":true,"href":"https:\/\/www2.comunitaria.com.br\/en\/wp-json\/wp\/v2\/tags?post=3132"}],"curies":[{"name":"wp","href":"https:\/\/api.w.org\/{rel}","templated":true}]}}