{"id":31314,"date":"2018-03-10T16:08:22","date_gmt":"2018-03-10T18:08:22","guid":{"rendered":"http:\/\/www2.comunitaria.com.br\/?p=31314"},"modified":"2018-03-10T16:08:22","modified_gmt":"2018-03-10T18:08:22","slug":"servidores-rejeitam-proposta-da-administracao-e-aprovam-estado-de-greve-2","status":"publish","type":"post","link":"https:\/\/www2.comunitaria.com.br\/en\/servidores-rejeitam-proposta-da-administracao-e-aprovam-estado-de-greve-2\/","title":{"rendered":"Servidores rejeitam proposta da Administra\u00e7\u00e3o e aprovam estado de greve"},"content":{"rendered":"<p style=\"text-align: justify;\">Os servidores p\u00fablicos municipais de Frederico Westphalen realizaram na noite desta sexta-feira, 9, assembleia geral extraordin\u00e1ria para debater o ajuste salarial da categoria.<\/p>\n<p style=\"text-align: justify;\">Os servidores encaminharam \u00e0 Administra\u00e7\u00e3o durante esta semana, o pedido de aumento salarial de 6,81% mais vale-alimenta\u00e7\u00e3o de R$ 150. No entanto a prefeitura recusou a proposta alegando ser invi\u00e1vel e ofertou um reajuste de 3%, al\u00e9m do aumento de 20% no vale-alimenta\u00e7\u00e3o.&nbsp;<\/p>\n<p style=\"text-align: justify;\">Ap\u00f3s discuss\u00e3o entre os presentes na assembleia, ficou definido por manter a proposta inicial da categoria e entrar em estado de greve. Os servidores ter\u00e3o uma pr\u00f3xima reuni\u00e3o na quinta-feira, 15, e caso a Administra\u00e7\u00e3o n\u00e3o aceite ou n\u00e3o apresente uma nova proposta, o funcionalismo de FW deflagar\u00e1 greve.&nbsp;<\/p>","protected":false},"excerpt":{"rendered":"<p>Os servidores p\u00fablicos municipais de Frederico Westphalen realizaram na noite desta sexta-feira, 9, assembleia geral extraordin\u00e1ria para debater o ajuste salarial da categoria. Os servidores encaminharam \u00e0 Administra\u00e7\u00e3o durante esta semana, o pedido de aumento salarial de 6,81% mais vale-alimenta\u00e7\u00e3o de R$ 150. No entanto a prefeitura recusou a proposta alegando ser invi\u00e1vel e ofertou<\/p>\n<div class=\"read-more-wrapper\"><a class=\"read-more\" href=\"https:\/\/www2.comunitaria.com.br\/en\/servidores-rejeitam-proposta-da-administracao-e-aprovam-estado-de-greve-2\/\" title=\"Read More\"> <span class=\"button\">Read More<\/span><\/a><\/div>","protected":false},"author":2,"featured_media":31315,"comment_status":"open","ping_status":"closed","sticky":false,"template":"","format":"standard","meta":{"ngg_post_thumbnail":0,"footnotes":""},"categories":[39,42,28,33,38],"tags":[262,2448,512,2441,238,705],"class_list":["post-31314","post","type-post","status-publish","format-standard","has-post-thumbnail","hentry","category-economia","category-fred-west","category-destaque","category-noticias","category-politica","tag-assembleia","tag-estado-de-greve","tag-reajuste","tag-reajuste-salarial","tag-salario","tag-servidores"],"amp_enabled":true,"_links":{"self":[{"href":"https:\/\/www2.comunitaria.com.br\/en\/wp-json\/wp\/v2\/posts\/31314","targetHints":{"allow":["GET"]}}],"collection":[{"href":"https:\/\/www2.comunitaria.com.br\/en\/wp-json\/wp\/v2\/posts"}],"about":[{"href":"https:\/\/www2.comunitaria.com.br\/en\/wp-json\/wp\/v2\/types\/post"}],"author":[{"embeddable":true,"href":"https:\/\/www2.comunitaria.com.br\/en\/wp-json\/wp\/v2\/users\/2"}],"replies":[{"embeddable":true,"href":"https:\/\/www2.comunitaria.com.br\/en\/wp-json\/wp\/v2\/comments?post=31314"}],"version-history":[{"count":0,"href":"https:\/\/www2.comunitaria.com.br\/en\/wp-json\/wp\/v2\/posts\/31314\/revisions"}],"wp:featuredmedia":[{"embeddable":true,"href":"https:\/\/www2.comunitaria.com.br\/en\/wp-json\/wp\/v2\/media\/31315"}],"wp:attachment":[{"href":"https:\/\/www2.comunitaria.com.br\/en\/wp-json\/wp\/v2\/media?parent=31314"}],"wp:term":[{"taxonomy":"category","embeddable":true,"href":"https:\/\/www2.comunitaria.com.br\/en\/wp-json\/wp\/v2\/categories?post=31314"},{"taxonomy":"post_tag","embeddable":true,"href":"https:\/\/www2.comunitaria.com.br\/en\/wp-json\/wp\/v2\/tags?post=31314"}],"curies":[{"name":"wp","href":"https:\/\/api.w.org\/{rel}","templated":true}]}}