{"id":31167,"date":"2018-03-01T11:42:22","date_gmt":"2018-03-01T13:42:22","guid":{"rendered":"http:\/\/www2.comunitaria.com.br\/?p=31167"},"modified":"2018-03-01T11:42:38","modified_gmt":"2018-03-01T13:42:38","slug":"vamos-abrir-a-upa-afirma-prefeito-panosso","status":"publish","type":"post","link":"https:\/\/www2.comunitaria.com.br\/en\/vamos-abrir-a-upa-afirma-prefeito-panosso\/","title":{"rendered":"&#8220;Vamos abrir a UPA&#8221;, afirma prefeito Panosso"},"content":{"rendered":"<p style=\"text-align: justify;\">Na manh\u00e3 desta quinta-feira, 1\u00b0 de mar\u00e7o, o prefeito de Frederico Westphalen, Jos\u00e9 Alberto Panosso, anunciou a abertura da Unidade de Pronto Atendimento (UPA) do munic\u00edpio. Segundo Panosso, o Estado destinou um valor de R$ 305 mil para operacionalizar a abertura da unidade que, no momento, depende da libera\u00e7\u00e3o da documenta\u00e7\u00e3o de legaliza\u00e7\u00e3o por parte da Secretaria Estadual da Sa\u00fade.&nbsp;<\/p>\n<p style=\"text-align: justify;\">Panosso tamb\u00e9m afirmou que o munic\u00edpio possui em caixa R$ 1,263 milh\u00e3o para abrir e manter a UPA. Os pr\u00f3ximos passos ser\u00e3o a contrata\u00e7\u00e3o de m\u00e9dicos e a realoca\u00e7\u00e3o de funcion\u00e1rios da \u00e1rea da sa\u00fade para suprir o atendimento na Unidade. Apesar de n\u00e3o ter uma data definida para o in\u00edcio das atividades, o prefeito afirma que muito em breve a UPA ser\u00e1 uma realidade.<\/p>\n<p style=\"text-align: justify;\">Confira a entrevista concedida \u00e0 R\u00e1dio Comunit\u00e1ria na manh\u00e3 de hoje:&nbsp;&nbsp;<\/p>\n<p><iframe loading=\"lazy\" style=\"border: none; overflow: hidden;\" src=\"https:\/\/www.facebook.com\/plugins\/video.php?href=https%3A%2F%2Fwww.facebook.com%2Fcomunitariafw%2Fvideos%2F2096102460668234%2F&amp;show_text=0&amp;width=560\" width=\"560\" height=\"315\" frameborder=\"0\" scrolling=\"no\" allowfullscreen=\"allowfullscreen\"><\/iframe><\/p>","protected":false},"excerpt":{"rendered":"<p>Na manh\u00e3 desta quinta-feira, 1\u00b0 de mar\u00e7o, o prefeito de Frederico Westphalen, Jos\u00e9 Alberto Panosso, anunciou a abertura da Unidade de Pronto Atendimento (UPA) do munic\u00edpio. Segundo Panosso, o Estado destinou um valor de R$ 305 mil para operacionalizar a abertura da unidade que, no momento, depende da libera\u00e7\u00e3o da documenta\u00e7\u00e3o de legaliza\u00e7\u00e3o por parte<\/p>\n<div class=\"read-more-wrapper\"><a class=\"read-more\" href=\"https:\/\/www2.comunitaria.com.br\/en\/vamos-abrir-a-upa-afirma-prefeito-panosso\/\" title=\"Read More\"> <span class=\"button\">Read More<\/span><\/a><\/div>","protected":false},"author":2,"featured_media":31168,"comment_status":"open","ping_status":"closed","sticky":false,"template":"","format":"standard","meta":{"ngg_post_thumbnail":0,"footnotes":""},"categories":[42,28,33,37],"tags":[3887,82,175,283],"class_list":["post-31167","post","type-post","status-publish","format-standard","has-post-thumbnail","hentry","category-fred-west","category-destaque","category-noticias","category-saude","tag-abertura-da-upa","tag-frederico-westphalen","tag-saude-2","tag-upa"],"amp_enabled":true,"_links":{"self":[{"href":"https:\/\/www2.comunitaria.com.br\/en\/wp-json\/wp\/v2\/posts\/31167","targetHints":{"allow":["GET"]}}],"collection":[{"href":"https:\/\/www2.comunitaria.com.br\/en\/wp-json\/wp\/v2\/posts"}],"about":[{"href":"https:\/\/www2.comunitaria.com.br\/en\/wp-json\/wp\/v2\/types\/post"}],"author":[{"embeddable":true,"href":"https:\/\/www2.comunitaria.com.br\/en\/wp-json\/wp\/v2\/users\/2"}],"replies":[{"embeddable":true,"href":"https:\/\/www2.comunitaria.com.br\/en\/wp-json\/wp\/v2\/comments?post=31167"}],"version-history":[{"count":0,"href":"https:\/\/www2.comunitaria.com.br\/en\/wp-json\/wp\/v2\/posts\/31167\/revisions"}],"wp:featuredmedia":[{"embeddable":true,"href":"https:\/\/www2.comunitaria.com.br\/en\/wp-json\/wp\/v2\/media\/31168"}],"wp:attachment":[{"href":"https:\/\/www2.comunitaria.com.br\/en\/wp-json\/wp\/v2\/media?parent=31167"}],"wp:term":[{"taxonomy":"category","embeddable":true,"href":"https:\/\/www2.comunitaria.com.br\/en\/wp-json\/wp\/v2\/categories?post=31167"},{"taxonomy":"post_tag","embeddable":true,"href":"https:\/\/www2.comunitaria.com.br\/en\/wp-json\/wp\/v2\/tags?post=31167"}],"curies":[{"name":"wp","href":"https:\/\/api.w.org\/{rel}","templated":true}]}}