{"id":31098,"date":"2018-02-26T12:23:45","date_gmt":"2018-02-26T14:23:45","guid":{"rendered":"http:\/\/www2.comunitaria.com.br\/?p=31098"},"modified":"2018-02-26T16:06:39","modified_gmt":"2018-02-26T18:06:39","slug":"definidos-os-campeoes-do-19o-rodeio-de-fw","status":"publish","type":"post","link":"https:\/\/www2.comunitaria.com.br\/en\/definidos-os-campeoes-do-19o-rodeio-de-fw\/","title":{"rendered":"Definidos os campe\u00f5es do 19\u00ba Rodeio de FW"},"content":{"rendered":"<p style=\"text-align: justify;\">Este fim de semana, 24 e 25, foi marcado pela 19\u00aa edi\u00e7\u00e3o do&nbsp;Rodeio Interestadual do CTG Rodeio da Quer\u00eancia de Frederico Westphalen. O evento foi realizado no Parque de Rodeios do munic\u00edpio e contou com&nbsp;&nbsp;34 equipes representando mais de 20 entidades tradicionalistas.&nbsp;&nbsp;<\/p>\n<p style=\"text-align: justify;\">O tradicional Rodeio acontece no \u00faltimo fim de semana de fevereiro e marca o in\u00edcio das comemora\u00e7\u00f5es de FW que, neste ano, comemora 63 anos de emancipa\u00e7\u00e3o pol\u00edtico-administrativa.&nbsp;<\/p>\n<p style=\"text-align: justify;\">O Patr\u00e3o do CTG, Adilson Severo, falou sobre o Rodeio e agradeceu a todos os participantes:&nbsp;<\/p>\n<!--[if lt IE 9]><script>document.createElement('audio');<\/script><![endif]-->\n<audio class=\"wp-audio-shortcode\" id=\"audio-31098-1\" preload=\"none\" style=\"width: 100%;\" controls=\"controls\"><source type=\"audio\/mpeg\" src=\"http:\/\/www2.comunitaria.com.br\/wp-content\/uploads\/2018\/02\/patr\u00e3o.mp3?_=1\" \/><a href=\"http:\/\/www2.comunitaria.com.br\/wp-content\/uploads\/2018\/02\/patr\u00e3o.mp3\">http:\/\/www2.comunitaria.com.br\/wp-content\/uploads\/2018\/02\/patr\u00e3o.mp3<\/a><\/audio>\n<p style=\"text-align: justify;\">Confira os vencedores:&nbsp;<\/p>\n<p><strong>La\u00e7o individual:<\/strong>&nbsp;Ot\u00e1vio Augusto, Rodolfo Cezar e Jo\u00e3o Vitor<\/p>\n<p><strong>Ta\u00e7a Cabanha Sol Brilhante:<\/strong>&nbsp;Jo\u00e3o Paulo e Cezar de Cezar<\/p>\n<p><strong>Ta\u00e7a Associa\u00e7\u00e3o Farroupilha Frederiquense (la\u00e7o dupla):<\/strong><\/p>\n<p>Gaud\u00e9rios do Rodeio \u2013 Rodeio Bonito: Meneco Bassi e Marcelo Poncio<\/p>\n<p>Mate Amargo \u2013 Erval Seco: Jo\u00e3o Paulo e Alberto<\/p>\n<p>Mate Amargo \u2013 Erval Seco: Ot\u00e1vio Augusto e Alberto<\/p>\n<p>Mate Amargo \u2013 Erval Seco: Rodolfo Cezar e Cezar de Cezar<\/p>\n<p><strong>La\u00e7o equipe<\/strong><\/p>\n<p><strong>1\u00ba lugar<\/strong>: CTG Crioulos da Quer\u00eancia, Jaboticaba<\/p>\n<p><strong>2\u00ba lugar:<\/strong>&nbsp;CTG Mate Amargo, Erval Seco<\/p>\n<p><strong>3\u00ba lugar:<\/strong>&nbsp;CTG Gaud\u00e9rios do Rodeio, Rodeio Bonito<\/p>\n<p><strong>4\u00ba lugar:<\/strong>&nbsp;Piquete Alto Alegre, Frederico Westphalen<\/p>\n<p><strong>5\u00ba lugar:<\/strong>&nbsp;CTG Sentinela da Coxilha, Cai\u00e7ara<\/p>\n<p><strong>Ta\u00e7a Cidade de Frederico Westphalen<\/strong><\/p>\n<p><strong>For\u00e7a C:<\/strong>&nbsp;Matheus Cuochinski, Lucas Gruniitzky, Nestor Heringuer e Cl\u00f3vis Junior<\/p>\n<p><strong>For\u00e7a B:<\/strong>&nbsp;Wendel Descovi, Guilherme Sisti e Joni Bonadimann<\/p>\n<p><strong>For\u00e7a A:<\/strong>&nbsp;Leonardo Biguilini, Ot\u00e1vio Augusto, Maneco Bassi, Kelvin Bastiani e Fabricio Almeida<\/p>\n<p><em><br \/>\nFoto: Jornal Folha do Noroeste<\/em><\/p>","protected":false},"excerpt":{"rendered":"<p>Este fim de semana, 24 e 25, foi marcado pela 19\u00aa edi\u00e7\u00e3o do&nbsp;Rodeio Interestadual do CTG Rodeio da Quer\u00eancia de Frederico Westphalen. O evento foi realizado no Parque de Rodeios do munic\u00edpio e contou com&nbsp;&nbsp;34 equipes representando mais de 20 entidades tradicionalistas.&nbsp;&nbsp; O tradicional Rodeio acontece no \u00faltimo fim de semana de fevereiro e marca<\/p>\n<div class=\"read-more-wrapper\"><a class=\"read-more\" href=\"https:\/\/www2.comunitaria.com.br\/en\/definidos-os-campeoes-do-19o-rodeio-de-fw\/\" title=\"Read More\"> <span class=\"button\">Read More<\/span><\/a><\/div>","protected":false},"author":2,"featured_media":31099,"comment_status":"open","ping_status":"closed","sticky":false,"template":"","format":"standard","meta":{"ngg_post_thumbnail":0,"footnotes":""},"categories":[3593,42,33,45,35],"tags":[1001,82,1877,1755,479,1165],"class_list":["post-31098","post","type-post","status-publish","format-standard","has-post-thumbnail","hentry","category-cultura","category-fred-west","category-noticias","category-rural","category-variedades","tag-cultura","tag-frederico-westphalen","tag-rodeio","tag-rodeio-crioulo","tag-rural-2","tag-variedades"],"amp_enabled":true,"_links":{"self":[{"href":"https:\/\/www2.comunitaria.com.br\/en\/wp-json\/wp\/v2\/posts\/31098","targetHints":{"allow":["GET"]}}],"collection":[{"href":"https:\/\/www2.comunitaria.com.br\/en\/wp-json\/wp\/v2\/posts"}],"about":[{"href":"https:\/\/www2.comunitaria.com.br\/en\/wp-json\/wp\/v2\/types\/post"}],"author":[{"embeddable":true,"href":"https:\/\/www2.comunitaria.com.br\/en\/wp-json\/wp\/v2\/users\/2"}],"replies":[{"embeddable":true,"href":"https:\/\/www2.comunitaria.com.br\/en\/wp-json\/wp\/v2\/comments?post=31098"}],"version-history":[{"count":0,"href":"https:\/\/www2.comunitaria.com.br\/en\/wp-json\/wp\/v2\/posts\/31098\/revisions"}],"wp:featuredmedia":[{"embeddable":true,"href":"https:\/\/www2.comunitaria.com.br\/en\/wp-json\/wp\/v2\/media\/31099"}],"wp:attachment":[{"href":"https:\/\/www2.comunitaria.com.br\/en\/wp-json\/wp\/v2\/media?parent=31098"}],"wp:term":[{"taxonomy":"category","embeddable":true,"href":"https:\/\/www2.comunitaria.com.br\/en\/wp-json\/wp\/v2\/categories?post=31098"},{"taxonomy":"post_tag","embeddable":true,"href":"https:\/\/www2.comunitaria.com.br\/en\/wp-json\/wp\/v2\/tags?post=31098"}],"curies":[{"name":"wp","href":"https:\/\/api.w.org\/{rel}","templated":true}]}}