{"id":31094,"date":"2018-02-26T10:04:48","date_gmt":"2018-02-26T12:04:48","guid":{"rendered":"http:\/\/www2.comunitaria.com.br\/?p=31094"},"modified":"2018-02-26T10:08:52","modified_gmt":"2018-02-26T12:08:52","slug":"prf-prende-dois-homens-por-furto-de-carne-em-seberi","status":"publish","type":"post","link":"https:\/\/www2.comunitaria.com.br\/en\/prf-prende-dois-homens-por-furto-de-carne-em-seberi\/","title":{"rendered":"PRF prende dois homens por furto de carne em Seberi"},"content":{"rendered":"<p style=\"text-align: justify;\">A PRF prendeu na noite&nbsp;do \u00faltimo s\u00e1bado, 24, na BR 386 em Seberi, dois homens com quase uma tonelada de carne furtada de frigor\u00edfico localizado \u00e0s margens da rodovia.<\/p>\n<p style=\"text-align: justify;\">Os policiais receberam informa\u00e7\u00e3o de movimenta\u00e7\u00e3o at\u00edpica nas proximidades do frigor\u00edfico. Ao chegarem no local avistaram uma caminhonete S-10 totalmente carregada de carne su\u00edna e derivados.<\/p>\n<p style=\"text-align: justify;\">Um Fiat Uno que iniciou fuga foi abordado ainda no local, tamb\u00e9m carregado de carne. Ele estaria transferindo carne para a S 10.<\/p>\n<p style=\"text-align: justify;\">De acordo com informa\u00e7\u00f5es apuradas, o motorista da caminhonete seria um ex-funcion\u00e1rio do frigor\u00edfico que contava com ajuda de vigilante para fazer o furto. No porta luvas do Fiat Uno foi encontrada tamb\u00e9m uma pistola de brinquedo.<\/p>\n<p style=\"text-align: justify;\">No total, foram recuperados 875 kg de carne, dois ve\u00edculos apreendidos e dois presos encaminhados \u00e0 Pol\u00edcia C\u00edvil de Seberi que responder\u00e3o por furto na modalidade tentada.<\/p>\n<p style=\"text-align: justify;\"><em>PRF<\/em><\/p>","protected":false},"excerpt":{"rendered":"<p>A PRF prendeu na noite&nbsp;do \u00faltimo s\u00e1bado, 24, na BR 386 em Seberi, dois homens com quase uma tonelada de carne furtada de frigor\u00edfico localizado \u00e0s margens da rodovia. Os policiais receberam informa\u00e7\u00e3o de movimenta\u00e7\u00e3o at\u00edpica nas proximidades do frigor\u00edfico. Ao chegarem no local avistaram uma caminhonete S-10 totalmente carregada de carne su\u00edna e derivados.<\/p>\n<div class=\"read-more-wrapper\"><a class=\"read-more\" href=\"https:\/\/www2.comunitaria.com.br\/en\/prf-prende-dois-homens-por-furto-de-carne-em-seberi\/\" title=\"Read More\"> <span class=\"button\">Read More<\/span><\/a><\/div>","protected":false},"author":2,"featured_media":31095,"comment_status":"open","ping_status":"closed","sticky":false,"template":"","format":"standard","meta":{"ngg_post_thumbnail":0,"footnotes":""},"categories":[33,36,43],"tags":[177,394,840,86,85,263],"class_list":["post-31094","post","type-post","status-publish","format-standard","has-post-thumbnail","hentry","category-noticias","category-policia","category-regiao","tag-policia-2","tag-prf","tag-prisao","tag-regiao-2","tag-roubo","tag-seberi"],"amp_enabled":true,"_links":{"self":[{"href":"https:\/\/www2.comunitaria.com.br\/en\/wp-json\/wp\/v2\/posts\/31094","targetHints":{"allow":["GET"]}}],"collection":[{"href":"https:\/\/www2.comunitaria.com.br\/en\/wp-json\/wp\/v2\/posts"}],"about":[{"href":"https:\/\/www2.comunitaria.com.br\/en\/wp-json\/wp\/v2\/types\/post"}],"author":[{"embeddable":true,"href":"https:\/\/www2.comunitaria.com.br\/en\/wp-json\/wp\/v2\/users\/2"}],"replies":[{"embeddable":true,"href":"https:\/\/www2.comunitaria.com.br\/en\/wp-json\/wp\/v2\/comments?post=31094"}],"version-history":[{"count":0,"href":"https:\/\/www2.comunitaria.com.br\/en\/wp-json\/wp\/v2\/posts\/31094\/revisions"}],"wp:featuredmedia":[{"embeddable":true,"href":"https:\/\/www2.comunitaria.com.br\/en\/wp-json\/wp\/v2\/media\/31095"}],"wp:attachment":[{"href":"https:\/\/www2.comunitaria.com.br\/en\/wp-json\/wp\/v2\/media?parent=31094"}],"wp:term":[{"taxonomy":"category","embeddable":true,"href":"https:\/\/www2.comunitaria.com.br\/en\/wp-json\/wp\/v2\/categories?post=31094"},{"taxonomy":"post_tag","embeddable":true,"href":"https:\/\/www2.comunitaria.com.br\/en\/wp-json\/wp\/v2\/tags?post=31094"}],"curies":[{"name":"wp","href":"https:\/\/api.w.org\/{rel}","templated":true}]}}