{"id":31061,"date":"2018-02-23T07:09:05","date_gmt":"2018-02-23T09:09:05","guid":{"rendered":"http:\/\/www2.comunitaria.com.br\/?p=31061"},"modified":"2018-02-23T07:22:43","modified_gmt":"2018-02-23T09:22:43","slug":"crianca-engasgada-e-socorrida-pela-prf-em-sarandi","status":"publish","type":"post","link":"https:\/\/www2.comunitaria.com.br\/en\/crianca-engasgada-e-socorrida-pela-prf-em-sarandi\/","title":{"rendered":"Crian\u00e7a engasgada \u00e9 socorrida pela PRF em Sarandi"},"content":{"rendered":"<p style=\"text-align: justify;\">Por volta das 16h desta quinta-feira (22), parou na unidade da PRF, em Sarandi, um ve\u00edculo com um casal de ocupantes gritando socorro.<\/p>\n<p style=\"text-align: justify;\">Uma menina de 1 ano e oito meses estava engasgada, n\u00e3o tinha movimentos, n\u00e3o conseguia respirar e sua pele estava arroxeada.<\/p>\n<p style=\"text-align: justify;\">Foi realizada a manobra de Heimlich, que \u00e9 o procedimento t\u00e9cnico utilizado nesses casos, mas n\u00e3o houve sucesso.<\/p>\n<p style=\"text-align: justify;\">De imediato, foi iniciado deslocamento de emerg\u00eancia para o hospital de Sarandi.<\/p>\n<p style=\"text-align: justify;\">Durante o deslocamento foi feita a manobra de Heimlich, at\u00e9 que na entrada da cidade de Sarandi, a crian\u00e7a come\u00e7ou a respirar lentamente.<\/p>\n<p style=\"text-align: justify;\">Os policiais chegaram no hospital, foi feita a desobstru\u00e7\u00e3o das vias respirat\u00f3rias pela equipe m\u00e9dica e demais procedimentos cab\u00edveis.<\/p>\n<p style=\"text-align: justify;\">\u00c0s 19h30 foi entrando em contato com o hospital que informou que a crian\u00e7a est\u00e1 bem e que ela teria tido um quadro convulsivo e poderia ter engasgado com a saliva.<\/p>","protected":false},"excerpt":{"rendered":"<p>Por volta das 16h desta quinta-feira (22), parou na unidade da PRF, em Sarandi, um ve\u00edculo com um casal de ocupantes gritando socorro. Uma menina de 1 ano e oito meses estava engasgada, n\u00e3o tinha movimentos, n\u00e3o conseguia respirar e sua pele estava arroxeada. Foi realizada a manobra de Heimlich, que \u00e9 o procedimento t\u00e9cnico<\/p>\n<div class=\"read-more-wrapper\"><a class=\"read-more\" href=\"https:\/\/www2.comunitaria.com.br\/en\/crianca-engasgada-e-socorrida-pela-prf-em-sarandi\/\" title=\"Read More\"> <span class=\"button\">Read More<\/span><\/a><\/div>","protected":false},"author":2,"featured_media":31062,"comment_status":"open","ping_status":"closed","sticky":false,"template":"","format":"standard","meta":{"ngg_post_thumbnail":0,"footnotes":""},"categories":[33,36,43],"tags":[394,756],"class_list":["post-31061","post","type-post","status-publish","format-standard","has-post-thumbnail","hentry","category-noticias","category-policia","category-regiao","tag-prf","tag-sarandi"],"amp_enabled":true,"_links":{"self":[{"href":"https:\/\/www2.comunitaria.com.br\/en\/wp-json\/wp\/v2\/posts\/31061","targetHints":{"allow":["GET"]}}],"collection":[{"href":"https:\/\/www2.comunitaria.com.br\/en\/wp-json\/wp\/v2\/posts"}],"about":[{"href":"https:\/\/www2.comunitaria.com.br\/en\/wp-json\/wp\/v2\/types\/post"}],"author":[{"embeddable":true,"href":"https:\/\/www2.comunitaria.com.br\/en\/wp-json\/wp\/v2\/users\/2"}],"replies":[{"embeddable":true,"href":"https:\/\/www2.comunitaria.com.br\/en\/wp-json\/wp\/v2\/comments?post=31061"}],"version-history":[{"count":0,"href":"https:\/\/www2.comunitaria.com.br\/en\/wp-json\/wp\/v2\/posts\/31061\/revisions"}],"wp:featuredmedia":[{"embeddable":true,"href":"https:\/\/www2.comunitaria.com.br\/en\/wp-json\/wp\/v2\/media\/31062"}],"wp:attachment":[{"href":"https:\/\/www2.comunitaria.com.br\/en\/wp-json\/wp\/v2\/media?parent=31061"}],"wp:term":[{"taxonomy":"category","embeddable":true,"href":"https:\/\/www2.comunitaria.com.br\/en\/wp-json\/wp\/v2\/categories?post=31061"},{"taxonomy":"post_tag","embeddable":true,"href":"https:\/\/www2.comunitaria.com.br\/en\/wp-json\/wp\/v2\/tags?post=31061"}],"curies":[{"name":"wp","href":"https:\/\/api.w.org\/{rel}","templated":true}]}}