{"id":30848,"date":"2018-02-07T10:04:46","date_gmt":"2018-02-07T12:04:46","guid":{"rendered":"http:\/\/www2.comunitaria.com.br\/?p=30848"},"modified":"2018-02-07T10:04:46","modified_gmt":"2018-02-07T12:04:46","slug":"loja-frederiquense-e-alvo-de-assalto","status":"publish","type":"post","link":"https:\/\/www2.comunitaria.com.br\/en\/loja-frederiquense-e-alvo-de-assalto\/","title":{"rendered":"Loja frederiquense \u00e9 alvo de assalto"},"content":{"rendered":"<p style=\"text-align: justify;\">Na madrugada da \u00faltima segunda-feira, 5, a Loja Quero-Quero de Frederico Westphalen foi alvo de um furto qualificado. Os indiv\u00edduos entraram no estabelecimento pela porta dos fundos da loja e tiveram acesso ao dep\u00f3sito. Segundo a Pol\u00edcia Civil, foram furtados mais de 50 equipamentos eletr\u00f4nicos, totalizando R$ 44 mil de preju\u00edzo \u00e0 empresa.&nbsp;<\/p>\n<p style=\"text-align: justify;\">Os criminosos levaram quatro notebooks, quatro tablets e 47 celulares. O alarme da loja chegou a disparar, mas ningu\u00e9m foi preso. O caso est\u00e1 sendo investigado pela Pol\u00edcia Civil.&nbsp;<\/p>","protected":false},"excerpt":{"rendered":"<p>Na madrugada da \u00faltima segunda-feira, 5, a Loja Quero-Quero de Frederico Westphalen foi alvo de um furto qualificado. Os indiv\u00edduos entraram no estabelecimento pela porta dos fundos da loja e tiveram acesso ao dep\u00f3sito. Segundo a Pol\u00edcia Civil, foram furtados mais de 50 equipamentos eletr\u00f4nicos, totalizando R$ 44 mil de preju\u00edzo \u00e0 empresa.&nbsp; Os criminosos<\/p>\n<div class=\"read-more-wrapper\"><a class=\"read-more\" href=\"https:\/\/www2.comunitaria.com.br\/en\/loja-frederiquense-e-alvo-de-assalto\/\" title=\"Read More\"> <span class=\"button\">Read More<\/span><\/a><\/div>","protected":false},"author":2,"featured_media":30630,"comment_status":"open","ping_status":"closed","sticky":false,"template":"","format":"standard","meta":{"ngg_post_thumbnail":0,"footnotes":""},"categories":[33],"tags":[],"class_list":["post-30848","post","type-post","status-publish","format-standard","has-post-thumbnail","hentry","category-noticias"],"amp_enabled":true,"_links":{"self":[{"href":"https:\/\/www2.comunitaria.com.br\/en\/wp-json\/wp\/v2\/posts\/30848","targetHints":{"allow":["GET"]}}],"collection":[{"href":"https:\/\/www2.comunitaria.com.br\/en\/wp-json\/wp\/v2\/posts"}],"about":[{"href":"https:\/\/www2.comunitaria.com.br\/en\/wp-json\/wp\/v2\/types\/post"}],"author":[{"embeddable":true,"href":"https:\/\/www2.comunitaria.com.br\/en\/wp-json\/wp\/v2\/users\/2"}],"replies":[{"embeddable":true,"href":"https:\/\/www2.comunitaria.com.br\/en\/wp-json\/wp\/v2\/comments?post=30848"}],"version-history":[{"count":0,"href":"https:\/\/www2.comunitaria.com.br\/en\/wp-json\/wp\/v2\/posts\/30848\/revisions"}],"wp:featuredmedia":[{"embeddable":true,"href":"https:\/\/www2.comunitaria.com.br\/en\/wp-json\/wp\/v2\/media\/30630"}],"wp:attachment":[{"href":"https:\/\/www2.comunitaria.com.br\/en\/wp-json\/wp\/v2\/media?parent=30848"}],"wp:term":[{"taxonomy":"category","embeddable":true,"href":"https:\/\/www2.comunitaria.com.br\/en\/wp-json\/wp\/v2\/categories?post=30848"},{"taxonomy":"post_tag","embeddable":true,"href":"https:\/\/www2.comunitaria.com.br\/en\/wp-json\/wp\/v2\/tags?post=30848"}],"curies":[{"name":"wp","href":"https:\/\/api.w.org\/{rel}","templated":true}]}}