{"id":30749,"date":"2018-01-30T09:17:15","date_gmt":"2018-01-30T11:17:15","guid":{"rendered":"http:\/\/www2.comunitaria.com.br\/?p=30749"},"modified":"2018-01-30T09:19:15","modified_gmt":"2018-01-30T11:19:15","slug":"matriculas-para-aprovados-na-primeira-chamada-do-sisu-iniciam-nesta-terca-feira","status":"publish","type":"post","link":"https:\/\/www2.comunitaria.com.br\/en\/matriculas-para-aprovados-na-primeira-chamada-do-sisu-iniciam-nesta-terca-feira\/","title":{"rendered":"Matr\u00edculas para aprovados na primeira chamada do Sisu iniciam nesta ter\u00e7a-feira"},"content":{"rendered":"<p style=\"text-align: justify;\">Os aprovados na primeira chamada do Sistema de Sele\u00e7\u00e3o Unificada (Sisu) devem procurar, a partir de desta ter\u00e7a-feira, 30, as institui\u00e7\u00f5es escolhidas para a efetiva\u00e7\u00e3o da matr\u00edcula. O per\u00edodo de matr\u00edcula vai at\u00e9 7 de fevereiro.<\/p>\n<p style=\"text-align: justify;\">O Sisu \u00e9 o sistema informatizado do MEC, utilizado por institui\u00e7\u00f5es p\u00fablicas de educa\u00e7\u00e3o superior na oferta de vagas a estudantes, com base nas notas obtidas no Exame Nacional do Ensino M\u00e9dio (Enem).<\/p>\n<p style=\"text-align: justify;\"><strong>ProUni<\/strong><br \/>\nNesta segunda-feira, 29, o Minist\u00e9rio da Educa\u00e7\u00e3o abriu a consulta para vagas do Programa Universidade para Todos (ProUni). Neste ano, ser\u00e3o oferecidas 242.987 bolsas de estudo integrais e parciais (50%) em 2.976 institui\u00e7\u00f5es privadas de educa\u00e7\u00e3o superior. As inscri\u00e7\u00f5es come\u00e7am em 6 de fevereiro.<\/p>\n<p style=\"text-align: justify;\"><em>EBC<\/em><\/p>","protected":false},"excerpt":{"rendered":"<p>Os aprovados na primeira chamada do Sistema de Sele\u00e7\u00e3o Unificada (Sisu) devem procurar, a partir de desta ter\u00e7a-feira, 30, as institui\u00e7\u00f5es escolhidas para a efetiva\u00e7\u00e3o da matr\u00edcula. O per\u00edodo de matr\u00edcula vai at\u00e9 7 de fevereiro. O Sisu \u00e9 o sistema informatizado do MEC, utilizado por institui\u00e7\u00f5es p\u00fablicas de educa\u00e7\u00e3o superior na oferta de vagas<\/p>\n<div class=\"read-more-wrapper\"><a class=\"read-more\" href=\"https:\/\/www2.comunitaria.com.br\/en\/matriculas-para-aprovados-na-primeira-chamada-do-sisu-iniciam-nesta-terca-feira\/\" title=\"Read More\"> <span class=\"button\">Read More<\/span><\/a><\/div>","protected":false},"author":2,"featured_media":30750,"comment_status":"open","ping_status":"closed","sticky":false,"template":"","format":"standard","meta":{"ngg_post_thumbnail":0,"footnotes":""},"categories":[47,44,33],"tags":[1926,413,265,582],"class_list":["post-30749","post","type-post","status-publish","format-standard","has-post-thumbnail","hentry","category-brasil","category-educacao","category-noticias","tag-brasil","tag-educacao-2","tag-matriculas","tag-sisu"],"amp_enabled":true,"_links":{"self":[{"href":"https:\/\/www2.comunitaria.com.br\/en\/wp-json\/wp\/v2\/posts\/30749","targetHints":{"allow":["GET"]}}],"collection":[{"href":"https:\/\/www2.comunitaria.com.br\/en\/wp-json\/wp\/v2\/posts"}],"about":[{"href":"https:\/\/www2.comunitaria.com.br\/en\/wp-json\/wp\/v2\/types\/post"}],"author":[{"embeddable":true,"href":"https:\/\/www2.comunitaria.com.br\/en\/wp-json\/wp\/v2\/users\/2"}],"replies":[{"embeddable":true,"href":"https:\/\/www2.comunitaria.com.br\/en\/wp-json\/wp\/v2\/comments?post=30749"}],"version-history":[{"count":0,"href":"https:\/\/www2.comunitaria.com.br\/en\/wp-json\/wp\/v2\/posts\/30749\/revisions"}],"wp:featuredmedia":[{"embeddable":true,"href":"https:\/\/www2.comunitaria.com.br\/en\/wp-json\/wp\/v2\/media\/30750"}],"wp:attachment":[{"href":"https:\/\/www2.comunitaria.com.br\/en\/wp-json\/wp\/v2\/media?parent=30749"}],"wp:term":[{"taxonomy":"category","embeddable":true,"href":"https:\/\/www2.comunitaria.com.br\/en\/wp-json\/wp\/v2\/categories?post=30749"},{"taxonomy":"post_tag","embeddable":true,"href":"https:\/\/www2.comunitaria.com.br\/en\/wp-json\/wp\/v2\/tags?post=30749"}],"curies":[{"name":"wp","href":"https:\/\/api.w.org\/{rel}","templated":true}]}}