{"id":30740,"date":"2018-01-29T16:30:33","date_gmt":"2018-01-29T18:30:33","guid":{"rendered":"http:\/\/www2.comunitaria.com.br\/?p=30740"},"modified":"2018-01-29T16:41:11","modified_gmt":"2018-01-29T18:41:11","slug":"audiencia-publica-debate-qualidade-da-agua-em-fw","status":"publish","type":"post","link":"https:\/\/www2.comunitaria.com.br\/en\/audiencia-publica-debate-qualidade-da-agua-em-fw\/","title":{"rendered":"Audi\u00eancia P\u00fablica debate qualidade da \u00e1gua em FW"},"content":{"rendered":"<p style=\"text-align: justify;\">Na tarde desta segunda-feira, 29, foi realizada uma Audi\u00eancia P\u00fablica para debater a qualidade da \u00e1gua nos munic\u00edpios que a Comarca do Minist\u00e9rio P\u00fablico de Frederico Westphalen abrange.&nbsp;A realiza\u00e7\u00e3o da audi\u00eancia se deu a partir da divulga\u00e7\u00e3o do estudo no qual apontou que a \u00e1gua consumida em FW durante o segundo semestre de 2016 possu\u00eda \u00edndices de agrot\u00f3xicos acima do permitido pela legisla\u00e7\u00e3o.&nbsp;<\/p>\n<p style=\"text-align: justify;\">De acordo com o MP, o objetivo da audi\u00eancia&nbsp; foi garantir o direito \u00e0 sa\u00fade de toda a popula\u00e7\u00e3o da Comarca, buscando uma fiscaliza\u00e7\u00e3o adequada, evitando a contamina\u00e7\u00e3o da \u00e1gua por todos os agrot\u00f3xicos, n\u00e3o s\u00f3 aqueles mencionados nas Portarias da Secretaria Estadual da Sa\u00fade.<\/p>\n<p style=\"text-align: justify;\">Presente na audi\u00eancia, o procurador da Corsan, falou que s\u00e3o seguidas todas as determina\u00e7\u00f5es legais, e que o uso indevido de agrot\u00f3xico atinge somente a \u00e1gua bruta e que a concession\u00e1ria busca a elimina\u00e7\u00e3o de todas as subst\u00e2ncias indevidas presente na \u00e1gua quando detectadas em suas fiscaliza\u00e7\u00f5es. De acordo com o respons\u00e1vel t\u00e9cnico pelo setor de tratamento e distribui\u00e7\u00e3o da \u00e1gua, a coleta de amostras e a realiza\u00e7\u00e3o de an\u00e1lises \u00e9 feita semestralmente e que sempre que detectada a contamina\u00e7\u00e3o da \u00e1gua as&nbsp;mesmas s\u00e3o refeitas em todos os setores.&nbsp;<\/p>\n<p style=\"text-align: justify;\">O promotor respons\u00e1vel pelo Inqu\u00e9rito Civil P\u00fablico que busca fiscalizar a qualidade da \u00e1gua,&nbsp;Jo\u00e3o Pedro Togni, falou sobre a audi\u00eancia e destacou que a mesma foi positiva:&nbsp;<\/p>\n<!--[if lt IE 9]><script>document.createElement('audio');<\/script><![endif]-->\n<audio class=\"wp-audio-shortcode\" id=\"audio-30740-1\" preload=\"none\" style=\"width: 100%;\" controls=\"controls\"><source type=\"audio\/mpeg\" src=\"http:\/\/www2.comunitaria.com.br\/wp-content\/uploads\/2018\/01\/Jo\u00e3o-Pedro-OK.mp3?_=1\" \/><a href=\"http:\/\/www2.comunitaria.com.br\/wp-content\/uploads\/2018\/01\/Jo\u00e3o-Pedro-OK.mp3\">http:\/\/www2.comunitaria.com.br\/wp-content\/uploads\/2018\/01\/Jo\u00e3o-Pedro-OK.mp3<\/a><\/audio>\n<p style=\"text-align: justify;\">\nAp\u00f3s a audi\u00eancia ficou definido que a Corsan encaminhar\u00e1 resposta ao of\u00edcio remetido pela 19\u00aa Coordenadoria Regional de Sa\u00fade, referente ao relat\u00f3rio mensal do munic\u00edpio de Frederico Westphalen quanto \u00e0 an\u00e1lise de par\u00e2metros de agrot\u00f3xicos at\u00e9 o dia 9 de fevereiro, prazo no qual tamb\u00e9m ser\u00e1 encaminhada resposta acerca da possibilidade do munic\u00edpio ter acesso imediato aos relat\u00f3rios mensais de controle da \u00e1gua em FW.<\/p>\n<p style=\"text-align: justify;\">Tamb\u00e9m ficou definido que os munic\u00edpios disponibilizar\u00e3o em seus sites o acesso aos relat\u00f3rios de qualidade da \u00e1gua encaminhados pela Corsan. Ao final da audi\u00eancia ficou firmada a realiza\u00e7\u00e3o de uma capacita\u00e7\u00e3o aos funcion\u00e1rios p\u00fablicos dos munic\u00edpios da Comarca para 1\u00b0 ou 2 de mar\u00e7o &#8211; a definir &#8211; buscando aprofundar os conhecimentos a respeito dos relat\u00f3rios.&nbsp;<\/p>\n<p style=\"text-align: justify;\">Confira o estudo sobre a constata\u00e7\u00e3o de n\u00edveis de agrot\u00f3xicos na \u00e1gua de FW clicando<a href=\"http:\/\/www.cevs.rs.gov.br\/upload\/arquivos\/201801\/04102943-tcr-julianepastorellorubbo-2017.pdf\" target=\"_blank\" rel=\"noopener noreferrer\"> AQUI.&nbsp;<\/a><\/p>","protected":false},"excerpt":{"rendered":"<p>Na tarde desta segunda-feira, 29, foi realizada uma Audi\u00eancia P\u00fablica para debater a qualidade da \u00e1gua nos munic\u00edpios que a Comarca do Minist\u00e9rio P\u00fablico de Frederico Westphalen abrange.&nbsp;A realiza\u00e7\u00e3o da audi\u00eancia se deu a partir da divulga\u00e7\u00e3o do estudo no qual apontou que a \u00e1gua consumida em FW durante o segundo semestre de 2016 possu\u00eda<\/p>\n<div class=\"read-more-wrapper\"><a class=\"read-more\" href=\"https:\/\/www2.comunitaria.com.br\/en\/audiencia-publica-debate-qualidade-da-agua-em-fw\/\" title=\"Read More\"> <span class=\"button\">Read More<\/span><\/a><\/div>","protected":false},"author":2,"featured_media":30742,"comment_status":"open","ping_status":"closed","sticky":false,"template":"","format":"standard","meta":{"ngg_post_thumbnail":0,"footnotes":""},"categories":[42,3615,28,33,37],"tags":[1436,485,1646,318,2387,175],"class_list":["post-30740","post","type-post","status-publish","format-standard","has-post-thumbnail","hentry","category-fred-west","category-meio-ambiente","category-destaque","category-noticias","category-saude","tag-agrotoxico","tag-agua","tag-audiencia-publica","tag-ministerio-publico","tag-mp","tag-saude-2"],"amp_enabled":true,"_links":{"self":[{"href":"https:\/\/www2.comunitaria.com.br\/en\/wp-json\/wp\/v2\/posts\/30740","targetHints":{"allow":["GET"]}}],"collection":[{"href":"https:\/\/www2.comunitaria.com.br\/en\/wp-json\/wp\/v2\/posts"}],"about":[{"href":"https:\/\/www2.comunitaria.com.br\/en\/wp-json\/wp\/v2\/types\/post"}],"author":[{"embeddable":true,"href":"https:\/\/www2.comunitaria.com.br\/en\/wp-json\/wp\/v2\/users\/2"}],"replies":[{"embeddable":true,"href":"https:\/\/www2.comunitaria.com.br\/en\/wp-json\/wp\/v2\/comments?post=30740"}],"version-history":[{"count":0,"href":"https:\/\/www2.comunitaria.com.br\/en\/wp-json\/wp\/v2\/posts\/30740\/revisions"}],"wp:featuredmedia":[{"embeddable":true,"href":"https:\/\/www2.comunitaria.com.br\/en\/wp-json\/wp\/v2\/media\/30742"}],"wp:attachment":[{"href":"https:\/\/www2.comunitaria.com.br\/en\/wp-json\/wp\/v2\/media?parent=30740"}],"wp:term":[{"taxonomy":"category","embeddable":true,"href":"https:\/\/www2.comunitaria.com.br\/en\/wp-json\/wp\/v2\/categories?post=30740"},{"taxonomy":"post_tag","embeddable":true,"href":"https:\/\/www2.comunitaria.com.br\/en\/wp-json\/wp\/v2\/tags?post=30740"}],"curies":[{"name":"wp","href":"https:\/\/api.w.org\/{rel}","templated":true}]}}