{"id":3063,"date":"2015-03-25T10:15:17","date_gmt":"2015-03-25T12:15:17","guid":{"rendered":"http:\/\/www2.comunitaria.com.br\/?p=3063"},"modified":"2015-03-25T10:15:17","modified_gmt":"2015-03-25T12:15:17","slug":"motos-sao-furtadas-em-ametista-do-sul","status":"publish","type":"post","link":"https:\/\/www2.comunitaria.com.br\/en\/motos-sao-furtadas-em-ametista-do-sul\/","title":{"rendered":"Motos s\u00e3o furtadas em Ametista do Sul"},"content":{"rendered":"<p style=\"text-align: justify;\">Na madrugada desta ter\u00e7a-feira, 24, tr\u00eas motocicletas foram furtadas no munic\u00edpio de Ametista do Sul.<\/p>\n<p style=\"text-align: justify;\">De acordo com a Pol\u00edcia Civil, uma oficina de motocicletas foi alvo de furto, duas motocicletas foram levadas, uma NX 200 e uma CRF 230. Pela manh\u00e3 as mesmas foram encontradas abandonadas, uma motocicleta estava abandonada na Rua Armando Dezorzi e a outra foi encontrada pr\u00f3ximo a um bar localizado na Avenida Bento Gon\u00e7alves na sa\u00edda para Frederico Westphalen.<\/p>\n<p style=\"text-align: justify;\">O criminoso que abandonou a motocicleta devido a problemas mec\u00e2nicos arrombou o estabelecimento comercial furtando mercadorias e outra moto, uma Honda NXR Bros cor vermelha placa IQU 3652 de Ametista do Sul que ainda n\u00e3o foi localizada.<\/p>\n<p style=\"text-align: justify;\">Um Mercado tamb\u00e9m foi alvo do criminoso, que tentou arrombar a porta, os propriet\u00e1rios perceberam a a\u00e7\u00e3o e o homem fugiu. No Bairro Aparecida possivelmente o mesmo homem tamb\u00e9m tentou furtar uma motocicleta, mas n\u00e3o furtou devido n\u00e3o ter conseguido ligar a moto.<\/p>\n<p style=\"text-align: justify;\">\n<p style=\"text-align: justify;\"><em>InFocoRS<\/em><\/p>","protected":false},"excerpt":{"rendered":"<p>Na madrugada desta ter\u00e7a-feira, 24, tr\u00eas motocicletas foram furtadas no munic\u00edpio de Ametista do Sul. De acordo com a Pol\u00edcia Civil, uma oficina de motocicletas foi alvo de furto, duas motocicletas foram levadas, uma NX 200 e uma CRF 230. Pela manh\u00e3 as mesmas foram encontradas abandonadas, uma motocicleta estava abandonada na Rua Armando Dezorzi<\/p>\n<div class=\"read-more-wrapper\"><a class=\"read-more\" href=\"https:\/\/www2.comunitaria.com.br\/en\/motos-sao-furtadas-em-ametista-do-sul\/\" title=\"Read More\"> <span class=\"button\">Read More<\/span><\/a><\/div>","protected":false},"author":2,"featured_media":3064,"comment_status":"open","ping_status":"closed","sticky":false,"template":"","format":"standard","meta":{"ngg_post_thumbnail":0,"footnotes":""},"categories":[33,36,43],"tags":[234,820,819],"class_list":["post-3063","post","type-post","status-publish","format-standard","has-post-thumbnail","hentry","category-noticias","category-policia","category-regiao","tag-ametista-do-sul","tag-furtos","tag-motos"],"amp_enabled":true,"_links":{"self":[{"href":"https:\/\/www2.comunitaria.com.br\/en\/wp-json\/wp\/v2\/posts\/3063","targetHints":{"allow":["GET"]}}],"collection":[{"href":"https:\/\/www2.comunitaria.com.br\/en\/wp-json\/wp\/v2\/posts"}],"about":[{"href":"https:\/\/www2.comunitaria.com.br\/en\/wp-json\/wp\/v2\/types\/post"}],"author":[{"embeddable":true,"href":"https:\/\/www2.comunitaria.com.br\/en\/wp-json\/wp\/v2\/users\/2"}],"replies":[{"embeddable":true,"href":"https:\/\/www2.comunitaria.com.br\/en\/wp-json\/wp\/v2\/comments?post=3063"}],"version-history":[{"count":0,"href":"https:\/\/www2.comunitaria.com.br\/en\/wp-json\/wp\/v2\/posts\/3063\/revisions"}],"wp:featuredmedia":[{"embeddable":true,"href":"https:\/\/www2.comunitaria.com.br\/en\/wp-json\/wp\/v2\/media\/3064"}],"wp:attachment":[{"href":"https:\/\/www2.comunitaria.com.br\/en\/wp-json\/wp\/v2\/media?parent=3063"}],"wp:term":[{"taxonomy":"category","embeddable":true,"href":"https:\/\/www2.comunitaria.com.br\/en\/wp-json\/wp\/v2\/categories?post=3063"},{"taxonomy":"post_tag","embeddable":true,"href":"https:\/\/www2.comunitaria.com.br\/en\/wp-json\/wp\/v2\/tags?post=3063"}],"curies":[{"name":"wp","href":"https:\/\/api.w.org\/{rel}","templated":true}]}}