{"id":30606,"date":"2018-01-18T13:28:31","date_gmt":"2018-01-18T15:28:31","guid":{"rendered":"http:\/\/www2.comunitaria.com.br\/?p=30606"},"modified":"2018-01-18T13:30:07","modified_gmt":"2018-01-18T15:30:07","slug":"divulgado-resultado-do-enem-2017","status":"publish","type":"post","link":"https:\/\/www2.comunitaria.com.br\/en\/divulgado-resultado-do-enem-2017\/","title":{"rendered":"Divulgado resultado do Enem 2017"},"content":{"rendered":"<p style=\"text-align: justify;\">O resultado do Exame Nacional do Ensino M\u00e9dio (Enem) 2017 foi divulgado na manh\u00e3 desta quinta-feira, 18, pelo Instituto Nacional de Estudos e Pesquisas Educacionais An\u00edsio Teixeira (Inep). O resultado individual est\u00e1 dispon\u00edvel na internet, na&nbsp;<a href=\"https:\/\/enem.inep.gov.br\/participante\/#!\/inicial\" target=\"_blank\" rel=\"noopener noreferrer\">P\u00e1gina do Participante<\/a>.<\/p>\n<p style=\"text-align: justify;\">Inicialmente, a divulga\u00e7\u00e3o estava prevista para o dia 19, mas, no in\u00edcio da semana, o Minist\u00e9rio da Educa\u00e7\u00e3o anunciou a antecipa\u00e7\u00e3o da data.<\/p>\n<p style=\"text-align: justify;\">Para acessar o resultado, \u00e9 necess\u00e1rio informar o CPF e a senha cadastrada no momento da inscri\u00e7\u00e3o no Enem. Quem n\u00e3o se lembra da senha pode recuper\u00e1-la na P\u00e1gina do Participante. \u00c9 com ela que o estudante tamb\u00e9m ter\u00e1 acesso ao Sistema de Sele\u00e7\u00e3o Unificada (Sisu), que ficar\u00e1 aberto de 29 de janeiro a 1\u00ba de fevereiro.<\/p>\n<p style=\"text-align: justify;\">Os resultados dos participantes com menos de 18 anos, chamados de treineiros, ser\u00e3o liberados 60 dias depois da divulga\u00e7\u00e3o regular. O mesmo prazo vale para os espelhos de corre\u00e7\u00e3o das reda\u00e7\u00f5es.<\/p>\n<p style=\"text-align: justify;\">A edi\u00e7\u00e3o de 2017 do Enem tem novidades. As provas foram aplicadas em dois domingos consecutivos, com a reda\u00e7\u00e3o no primeiro dia.<\/p>\n<p style=\"text-align: justify;\">No dia 5 de novembro, os candidatos fizeram as provas de linguagem, c\u00f3digos e suas tecnologias, ci\u00eancias humanas e suas tecnologias, al\u00e9m da reda\u00e7\u00e3o. Em 12 de novembro, foram aplicadas as provas de ci\u00eancias da natureza e suas tecnologias e matem\u00e1tica e suas tecnologias.<\/p>\n<p style=\"text-align: justify;\">Os estudantes podem usar o resultado das provas do Enem em processos seletivos para vagas no ensino p\u00fablico superior, pelo Sisu, para bolsas de estudo em institui\u00e7\u00f5es privadas, pelo Programa Universidade para Todos (ProUni) e para obter financiamento pelo Fundo de Financiamento Estudantil (Fies).<\/p>\n<p style=\"text-align: justify;\"><em>EBC<\/em><\/p>","protected":false},"excerpt":{"rendered":"<p>O resultado do Exame Nacional do Ensino M\u00e9dio (Enem) 2017 foi divulgado na manh\u00e3 desta quinta-feira, 18, pelo Instituto Nacional de Estudos e Pesquisas Educacionais An\u00edsio Teixeira (Inep). O resultado individual est\u00e1 dispon\u00edvel na internet, na&nbsp;P\u00e1gina do Participante. Inicialmente, a divulga\u00e7\u00e3o estava prevista para o dia 19, mas, no in\u00edcio da semana, o Minist\u00e9rio da<\/p>\n<div class=\"read-more-wrapper\"><a class=\"read-more\" href=\"https:\/\/www2.comunitaria.com.br\/en\/divulgado-resultado-do-enem-2017\/\" title=\"Read More\"> <span class=\"button\">Read More<\/span><\/a><\/div>","protected":false},"author":2,"featured_media":30607,"comment_status":"open","ping_status":"closed","sticky":false,"template":"","format":"standard","meta":{"ngg_post_thumbnail":0,"footnotes":""},"categories":[47,44,33],"tags":[1926,413,53,159],"class_list":["post-30606","post","type-post","status-publish","format-standard","has-post-thumbnail","hentry","category-brasil","category-educacao","category-noticias","tag-brasil","tag-educacao-2","tag-enem","tag-resultado"],"amp_enabled":true,"_links":{"self":[{"href":"https:\/\/www2.comunitaria.com.br\/en\/wp-json\/wp\/v2\/posts\/30606","targetHints":{"allow":["GET"]}}],"collection":[{"href":"https:\/\/www2.comunitaria.com.br\/en\/wp-json\/wp\/v2\/posts"}],"about":[{"href":"https:\/\/www2.comunitaria.com.br\/en\/wp-json\/wp\/v2\/types\/post"}],"author":[{"embeddable":true,"href":"https:\/\/www2.comunitaria.com.br\/en\/wp-json\/wp\/v2\/users\/2"}],"replies":[{"embeddable":true,"href":"https:\/\/www2.comunitaria.com.br\/en\/wp-json\/wp\/v2\/comments?post=30606"}],"version-history":[{"count":0,"href":"https:\/\/www2.comunitaria.com.br\/en\/wp-json\/wp\/v2\/posts\/30606\/revisions"}],"wp:featuredmedia":[{"embeddable":true,"href":"https:\/\/www2.comunitaria.com.br\/en\/wp-json\/wp\/v2\/media\/30607"}],"wp:attachment":[{"href":"https:\/\/www2.comunitaria.com.br\/en\/wp-json\/wp\/v2\/media?parent=30606"}],"wp:term":[{"taxonomy":"category","embeddable":true,"href":"https:\/\/www2.comunitaria.com.br\/en\/wp-json\/wp\/v2\/categories?post=30606"},{"taxonomy":"post_tag","embeddable":true,"href":"https:\/\/www2.comunitaria.com.br\/en\/wp-json\/wp\/v2\/tags?post=30606"}],"curies":[{"name":"wp","href":"https:\/\/api.w.org\/{rel}","templated":true}]}}