{"id":30572,"date":"2018-01-16T21:40:23","date_gmt":"2018-01-16T23:40:23","guid":{"rendered":"http:\/\/www2.comunitaria.com.br\/?p=30572"},"modified":"2018-01-16T21:50:35","modified_gmt":"2018-01-16T23:50:35","slug":"colisao-entre-motocicletas-deixa-dois-mortos-em-palmitinho","status":"publish","type":"post","link":"https:\/\/www2.comunitaria.com.br\/en\/colisao-entre-motocicletas-deixa-dois-mortos-em-palmitinho\/","title":{"rendered":"Colis\u00e3o entre motocicletas deixa dois mortos em Palmitinho"},"content":{"rendered":"<p style=\"text-align: justify;\">Um acidente registrado no fim da tarde desta ter\u00e7a-feira, 16, resultou na morte de dois homens na RST 472, em Palmitinho.<\/p>\n<p style=\"text-align: justify;\">Uma motocicleta Yamaha\/Fazer 600 e uma Honda\/Titan 150 colidiram em uma curva da rodovia por volta das 19h30. O condutor da Fazer, Robson da Silva, de 25 anos, morreu no momento do acidente. J\u00e1 o condutor da Titan, R\u00e9dson Santos, foi atendido pelo Samu, encaminhado ao Hospital em estado grave e, infelizmente, n\u00e3o resistiu aos ferimentos, vindo a falecer por volta das 21h de hoje.&nbsp;<\/p>\n<p style=\"text-align: justify;\">O tr\u00e2nsito foi interrompido no local, a Brigada Militar e Samu atenderam a ocorr\u00eancia.&nbsp;<\/p>\n\n\t\t<style>\n\t\t\t#gallery-1 {\n\t\t\t\tmargin: auto;\n\t\t\t}\n\t\t\t#gallery-1 .gallery-item {\n\t\t\t\tfloat: left;\n\t\t\t\tmargin-top: 10px;\n\t\t\t\ttext-align: center;\n\t\t\t\twidth: 33%;\n\t\t\t}\n\t\t\t#gallery-1 img {\n\t\t\t\tborder: 2px solid #cfcfcf;\n\t\t\t}\n\t\t\t#gallery-1 .gallery-caption {\n\t\t\t\tmargin-left: 0;\n\t\t\t}\n\t\t\t\/* see gallery_shortcode() in wp-includes\/media.php *\/\n\t\t<\/style>\n\t\t<div id='gallery-1' class='gallery galleryid-30572 gallery-columns-3 gallery-size-thumbnail'><dl class='gallery-item'>\n\t\t\t<dt class='gallery-icon landscape'>\n\t\t\t\t<a href='https:\/\/www2.comunitaria.com.br\/en\/colisao-entre-motocicletas-deixa-dois-mortos-em-palmitinho\/03-81\/'><img loading=\"lazy\" decoding=\"async\" width=\"150\" height=\"150\" src=\"https:\/\/www2.comunitaria.com.br\/wp-content\/uploads\/2018\/01\/03-150x150.jpg\" class=\"attachment-thumbnail size-thumbnail\" alt=\"\" srcset=\"https:\/\/www2.comunitaria.com.br\/wp-content\/uploads\/2018\/01\/03-150x150.jpg 150w, https:\/\/www2.comunitaria.com.br\/wp-content\/uploads\/2018\/01\/03-65x65.jpg 65w\" sizes=\"auto, (max-width: 150px) 100vw, 150px\" \/><\/a>\n\t\t\t<\/dt><\/dl><dl class='gallery-item'>\n\t\t\t<dt class='gallery-icon landscape'>\n\t\t\t\t<a href='https:\/\/www2.comunitaria.com.br\/en\/colisao-entre-motocicletas-deixa-dois-mortos-em-palmitinho\/01-361\/'><img loading=\"lazy\" decoding=\"async\" width=\"150\" height=\"150\" src=\"https:\/\/www2.comunitaria.com.br\/wp-content\/uploads\/2018\/01\/01-150x150.jpg\" class=\"attachment-thumbnail size-thumbnail\" alt=\"\" srcset=\"https:\/\/www2.comunitaria.com.br\/wp-content\/uploads\/2018\/01\/01-150x150.jpg 150w, https:\/\/www2.comunitaria.com.br\/wp-content\/uploads\/2018\/01\/01-65x65.jpg 65w\" sizes=\"auto, (max-width: 150px) 100vw, 150px\" \/><\/a>\n\t\t\t<\/dt><\/dl><dl class='gallery-item'>\n\t\t\t<dt class='gallery-icon landscape'>\n\t\t\t\t<a href='https:\/\/www2.comunitaria.com.br\/en\/colisao-entre-motocicletas-deixa-dois-mortos-em-palmitinho\/02-146\/'><img loading=\"lazy\" decoding=\"async\" width=\"150\" height=\"150\" src=\"https:\/\/www2.comunitaria.com.br\/wp-content\/uploads\/2018\/01\/02-150x150.jpg\" class=\"attachment-thumbnail size-thumbnail\" alt=\"\" srcset=\"https:\/\/www2.comunitaria.com.br\/wp-content\/uploads\/2018\/01\/02-150x150.jpg 150w, https:\/\/www2.comunitaria.com.br\/wp-content\/uploads\/2018\/01\/02-65x65.jpg 65w\" sizes=\"auto, (max-width: 150px) 100vw, 150px\" \/><\/a>\n\t\t\t<\/dt><\/dl><br style=\"clear: both\" \/>\n\t\t<\/div>\n\n<p style=\"text-align: justify;\"><em>Fotos: R\u00e1dio Cultura FM<\/em><\/p>","protected":false},"excerpt":{"rendered":"<p>Um acidente registrado no fim da tarde desta ter\u00e7a-feira, 16, resultou na morte de dois homens na RST 472, em Palmitinho. Uma motocicleta Yamaha\/Fazer 600 e uma Honda\/Titan 150 colidiram&#8230;<\/p>","protected":false},"author":2,"featured_media":30573,"comment_status":"open","ping_status":"closed","sticky":false,"template":"","format":"standard","meta":{"ngg_post_thumbnail":0,"footnotes":""},"categories":[33,36,43,3598],"tags":[96,1171,191,177,86,426],"class_list":["post-30572","post","type-post","status-publish","format-standard","has-post-thumbnail","hentry","category-noticias","category-policia","category-regiao","category-transito","tag-acidente","tag-colisao","tag-palmitinho","tag-policia-2","tag-regiao-2","tag-transito"],"amp_enabled":true,"_links":{"self":[{"href":"https:\/\/www2.comunitaria.com.br\/en\/wp-json\/wp\/v2\/posts\/30572","targetHints":{"allow":["GET"]}}],"collection":[{"href":"https:\/\/www2.comunitaria.com.br\/en\/wp-json\/wp\/v2\/posts"}],"about":[{"href":"https:\/\/www2.comunitaria.com.br\/en\/wp-json\/wp\/v2\/types\/post"}],"author":[{"embeddable":true,"href":"https:\/\/www2.comunitaria.com.br\/en\/wp-json\/wp\/v2\/users\/2"}],"replies":[{"embeddable":true,"href":"https:\/\/www2.comunitaria.com.br\/en\/wp-json\/wp\/v2\/comments?post=30572"}],"version-history":[{"count":0,"href":"https:\/\/www2.comunitaria.com.br\/en\/wp-json\/wp\/v2\/posts\/30572\/revisions"}],"wp:featuredmedia":[{"embeddable":true,"href":"https:\/\/www2.comunitaria.com.br\/en\/wp-json\/wp\/v2\/media\/30573"}],"wp:attachment":[{"href":"https:\/\/www2.comunitaria.com.br\/en\/wp-json\/wp\/v2\/media?parent=30572"}],"wp:term":[{"taxonomy":"category","embeddable":true,"href":"https:\/\/www2.comunitaria.com.br\/en\/wp-json\/wp\/v2\/categories?post=30572"},{"taxonomy":"post_tag","embeddable":true,"href":"https:\/\/www2.comunitaria.com.br\/en\/wp-json\/wp\/v2\/tags?post=30572"}],"curies":[{"name":"wp","href":"https:\/\/api.w.org\/{rel}","templated":true}]}}