{"id":30566,"date":"2018-01-16T04:12:47","date_gmt":"2018-01-16T06:12:47","guid":{"rendered":"http:\/\/www2.comunitaria.com.br\/?p=30566"},"modified":"2018-01-16T12:43:59","modified_gmt":"2018-01-16T14:43:59","slug":"corsan-diz-que-mantem-controle-rigoroso-na-qualidade-da-agua","status":"publish","type":"post","link":"https:\/\/www2.comunitaria.com.br\/en\/corsan-diz-que-mantem-controle-rigoroso-na-qualidade-da-agua\/","title":{"rendered":"Corsan diz que mant\u00e9m controle rigoroso na qualidade da \u00e1gua"},"content":{"rendered":"<p style=\"font-weight: 400; text-align: justify;\">Em rela\u00e7\u00e3o ao estudo publicado pela Secretaria Estadual de Sa\u00fade, onde <a href=\"http:\/\/www2.comunitaria.com.br\/en\/frederico-wesphalen-esta-entre-os-quatro-municipios-do-rs-que-registram-agua-contaminada-por-agrotoxicos\/\" target=\"_blank\" rel=\"noopener noreferrer\">foram detectados tra\u00e7os de agrot\u00f3xicos al\u00e9m do permitido pela legisla\u00e7\u00e3o em cinco amostras de \u00e1gua de quatro munic\u00edpios: Monte Belo do Sul, Ven\u00e2ncio Aires, Lagoa Vermelha e Frederico Westphalen<\/a>, a reportagem da R\u00e1dio Comunit\u00e1ria solicitou o posicionamento da Corsan, que informou:<\/p>\n<blockquote>\n<p style=\"font-weight: 400; text-align: justify;\">&#8211; A \u00e1gua fornecida pela Corsan \u00e0 popula\u00e7\u00e3o \u00e9 tratada e pr\u00f3pria para consumo humano. De forma rigorosa e peri\u00f3dica, a Companhia analisa todos os par\u00e2metros de potabilidade exigidos pela legisla\u00e7\u00e3o (Portarias 2914\/2011, do Minist\u00e9rio da Sa\u00fade, e 320\/2014, da Secretaria Estadual da Sa\u00fade) por meio de laborat\u00f3rios pr\u00f3prios e contratados acreditados junto ao Inmetro.<\/p>\n<p style=\"font-weight: 400; text-align: justify;\">&#8211; A Corsan controla a qualidade da \u00e1gua bruta (\u00e1gua sem tratamento, captada no manancial) e da \u00e1gua tratada em todos os sistemas atendidos. Foi constatada a presen\u00e7a de herbicidas na \u00e1gua bruta em Frederico Westphalen. Sempre que detectado esse tipo de produto, a Companhia intensifica os processos de tratamento por meio de carv\u00e3o ativado, que absorve essas subst\u00e2ncias \u2013 eliminando-as ou reduzindo-as a n\u00edveis muito abaixo do permitido pela legisla\u00e7\u00e3o. Portanto, a incid\u00eancia de herbicidas na \u00e1gua bruta n\u00e3o levou \u00e0 presen\u00e7a desses produtos na \u00e1gua tratada em n\u00edveis sequer pr\u00f3ximos dos valores m\u00e1ximos permitidos, devido ao controle e ao tratamento desenvolvidos pela Corsan.<\/p>\n<p style=\"font-weight: 400; text-align: justify;\">&#8211; A Companhia reitera a qualidade e a confiabilidade da \u00e1gua disponibilizada para o abastecimento p\u00fablico\u201d.<\/p>\n<\/blockquote>","protected":false},"excerpt":{"rendered":"<p>Em rela\u00e7\u00e3o ao estudo publicado pela Secretaria Estadual de Sa\u00fade, onde foram detectados tra\u00e7os de agrot\u00f3xicos al\u00e9m do permitido pela legisla\u00e7\u00e3o em cinco amostras de \u00e1gua de quatro munic\u00edpios: Monte Belo do Sul, Ven\u00e2ncio Aires, Lagoa Vermelha e Frederico Westphalen, a reportagem da R\u00e1dio Comunit\u00e1ria solicitou o posicionamento da Corsan, que informou: &#8211; A \u00e1gua<\/p>\n<div class=\"read-more-wrapper\"><a class=\"read-more\" href=\"https:\/\/www2.comunitaria.com.br\/en\/corsan-diz-que-mantem-controle-rigoroso-na-qualidade-da-agua\/\" title=\"Read More\"> <span class=\"button\">Read More<\/span><\/a><\/div>","protected":false},"author":2,"featured_media":30567,"comment_status":"open","ping_status":"closed","sticky":false,"template":"","format":"standard","meta":{"ngg_post_thumbnail":0,"footnotes":""},"categories":[28,33],"tags":[1436,485,2315,3826],"class_list":["post-30566","post","type-post","status-publish","format-standard","has-post-thumbnail","hentry","category-destaque","category-noticias","tag-agrotoxico","tag-agua","tag-corsan","tag-veneno"],"amp_enabled":true,"_links":{"self":[{"href":"https:\/\/www2.comunitaria.com.br\/en\/wp-json\/wp\/v2\/posts\/30566","targetHints":{"allow":["GET"]}}],"collection":[{"href":"https:\/\/www2.comunitaria.com.br\/en\/wp-json\/wp\/v2\/posts"}],"about":[{"href":"https:\/\/www2.comunitaria.com.br\/en\/wp-json\/wp\/v2\/types\/post"}],"author":[{"embeddable":true,"href":"https:\/\/www2.comunitaria.com.br\/en\/wp-json\/wp\/v2\/users\/2"}],"replies":[{"embeddable":true,"href":"https:\/\/www2.comunitaria.com.br\/en\/wp-json\/wp\/v2\/comments?post=30566"}],"version-history":[{"count":0,"href":"https:\/\/www2.comunitaria.com.br\/en\/wp-json\/wp\/v2\/posts\/30566\/revisions"}],"wp:featuredmedia":[{"embeddable":true,"href":"https:\/\/www2.comunitaria.com.br\/en\/wp-json\/wp\/v2\/media\/30567"}],"wp:attachment":[{"href":"https:\/\/www2.comunitaria.com.br\/en\/wp-json\/wp\/v2\/media?parent=30566"}],"wp:term":[{"taxonomy":"category","embeddable":true,"href":"https:\/\/www2.comunitaria.com.br\/en\/wp-json\/wp\/v2\/categories?post=30566"},{"taxonomy":"post_tag","embeddable":true,"href":"https:\/\/www2.comunitaria.com.br\/en\/wp-json\/wp\/v2\/tags?post=30566"}],"curies":[{"name":"wp","href":"https:\/\/api.w.org\/{rel}","templated":true}]}}