{"id":30529,"date":"2018-01-12T11:44:21","date_gmt":"2018-01-12T13:44:21","guid":{"rendered":"http:\/\/www2.comunitaria.com.br\/?p=30529"},"modified":"2018-01-12T11:47:07","modified_gmt":"2018-01-12T13:47:07","slug":"divulgacao-do-resultado-do-enem-e-antecipado","status":"publish","type":"post","link":"https:\/\/www2.comunitaria.com.br\/en\/divulgacao-do-resultado-do-enem-e-antecipado\/","title":{"rendered":"Divulga\u00e7\u00e3o do resultado do Enem \u00e9 antecipado"},"content":{"rendered":"<p style=\"text-align: justify;\">O Minist\u00e9rio da Educa\u00e7\u00e3o antecipou em um dia a divulga\u00e7\u00e3o do resultado do Exame Nacional do Ensino M\u00e9dio (Enem) 2017. A partir de 18 de janeiro os estudantes poder\u00e3o consultar os resultados individuais na P\u00e1gina do Participante, na internet. A nova data&nbsp;foi divulgada nesta sexta-feira pelo Instituto Nacional de Estudos e Pesquisas Educacionais An\u00edsio Teixeira (Inep). \u00c9 necess\u00e1rio informar o CPF e a senha cadastrada no&nbsp;momento da inscri\u00e7\u00e3o no Enem. Quem n\u00e3o se lembra da senha pode recuper\u00e1-la na&nbsp;<a href=\"https:\/\/enem.inep.gov.br\/participante\/#!\/inicial\" target=\"_blank\" rel=\"noopener noreferrer\"><b>P\u00e1gina do Participante<\/b><\/a>. \u00c9 com ela que o estudante tamb\u00e9m ter\u00e1 acesso ao Sistema de Sele\u00e7\u00e3o Unificada (Sisu), que ficar\u00e1 aberto de 29 de janeiro a 1\u00ba de fevereiro.<\/p>\n<p style=\"text-align: justify;\">Os resultados dos participantes com menos de 18 anos, comumente chamados de treineiros, ser\u00e3o liberados 60 dias depois da divulga\u00e7\u00e3o regular. O mesmo prazo vale para os espelhos de corre\u00e7\u00e3o das reda\u00e7\u00f5es. O acesso ao espelho de corre\u00e7\u00e3o \u00e9 uma forma de o participante saber como se saiu em cada uma das cinco&nbsp;compet\u00eancias avaliadas pela prova.<\/p>\n<p style=\"text-align: justify;\">Os estudantes podem usar o resultado das provas do Enem em processos seletivos para vagas no ensino p\u00fablico superior, pelo Sisu, para bolsas de estudo em institui\u00e7\u00f5es privadas, pelo Programa Universidade para Todos (ProUni) e para obter financiamento pelo Fundo de Financiamento Estudantil (Fies).<\/p>\n<p style=\"text-align: justify;\">&nbsp;<\/p>\n<p style=\"text-align: justify;\">Fonte: C.P<\/p>","protected":false},"excerpt":{"rendered":"<p>O Minist\u00e9rio da Educa\u00e7\u00e3o antecipou em um dia a divulga\u00e7\u00e3o do resultado do Exame Nacional do Ensino M\u00e9dio (Enem) 2017. A partir de 18 de janeiro os estudantes poder\u00e3o consultar os resultados individuais na P\u00e1gina do Participante, na internet. A nova data&nbsp;foi divulgada nesta sexta-feira pelo Instituto Nacional de Estudos e Pesquisas Educacionais An\u00edsio Teixeira<\/p>\n<div class=\"read-more-wrapper\"><a class=\"read-more\" href=\"https:\/\/www2.comunitaria.com.br\/en\/divulgacao-do-resultado-do-enem-e-antecipado\/\" title=\"Read More\"> <span class=\"button\">Read More<\/span><\/a><\/div>","protected":false},"author":2,"featured_media":30530,"comment_status":"open","ping_status":"closed","sticky":false,"template":"","format":"standard","meta":{"ngg_post_thumbnail":0,"footnotes":""},"categories":[47,44,46,42,33,43],"tags":[413,53,414,437],"class_list":["post-30529","post","type-post","status-publish","format-standard","has-post-thumbnail","hentry","category-brasil","category-educacao","category-estado","category-fred-west","category-noticias","category-regiao","tag-educacao-2","tag-enem","tag-fies","tag-prazo"],"amp_enabled":true,"_links":{"self":[{"href":"https:\/\/www2.comunitaria.com.br\/en\/wp-json\/wp\/v2\/posts\/30529","targetHints":{"allow":["GET"]}}],"collection":[{"href":"https:\/\/www2.comunitaria.com.br\/en\/wp-json\/wp\/v2\/posts"}],"about":[{"href":"https:\/\/www2.comunitaria.com.br\/en\/wp-json\/wp\/v2\/types\/post"}],"author":[{"embeddable":true,"href":"https:\/\/www2.comunitaria.com.br\/en\/wp-json\/wp\/v2\/users\/2"}],"replies":[{"embeddable":true,"href":"https:\/\/www2.comunitaria.com.br\/en\/wp-json\/wp\/v2\/comments?post=30529"}],"version-history":[{"count":0,"href":"https:\/\/www2.comunitaria.com.br\/en\/wp-json\/wp\/v2\/posts\/30529\/revisions"}],"wp:featuredmedia":[{"embeddable":true,"href":"https:\/\/www2.comunitaria.com.br\/en\/wp-json\/wp\/v2\/media\/30530"}],"wp:attachment":[{"href":"https:\/\/www2.comunitaria.com.br\/en\/wp-json\/wp\/v2\/media?parent=30529"}],"wp:term":[{"taxonomy":"category","embeddable":true,"href":"https:\/\/www2.comunitaria.com.br\/en\/wp-json\/wp\/v2\/categories?post=30529"},{"taxonomy":"post_tag","embeddable":true,"href":"https:\/\/www2.comunitaria.com.br\/en\/wp-json\/wp\/v2\/tags?post=30529"}],"curies":[{"name":"wp","href":"https:\/\/api.w.org\/{rel}","templated":true}]}}