{"id":30501,"date":"2018-01-10T09:50:30","date_gmt":"2018-01-10T11:50:30","guid":{"rendered":"http:\/\/www2.comunitaria.com.br\/?p=30501"},"modified":"2018-01-10T09:55:37","modified_gmt":"2018-01-10T11:55:37","slug":"brf-lanca-marca-para-baixa-renda-com-sobras-de-sadia-e-perdigao","status":"publish","type":"post","link":"https:\/\/www2.comunitaria.com.br\/en\/brf-lanca-marca-para-baixa-renda-com-sobras-de-sadia-e-perdigao\/","title":{"rendered":"BRF lan\u00e7a marca para baixa renda com sobras de Sadia e Perdig\u00e3o"},"content":{"rendered":"<p style=\"text-align: justify;\">Dona das marcas Sadia e Perdig\u00e3o, a BRF anunciou nesta ter\u00e7a-feira (9) a cria\u00e7\u00e3o de uma nova linha de carnes, com pre\u00e7os 15% abaixo dos praticados pela m\u00e9dia do mercado de processados.<\/p>\n<p style=\"text-align: justify;\">Batizada de Kidelli, ela come\u00e7a a ser vendida neste in\u00edcio do ano em atacarejos e por distribuidores independentes, com foco em baixa e <a href=\"http:\/\/www2.comunitaria.com.br\/en\/brf-lanca-marca-para-baixa-renda-com-sobras-de-sadia-e-perdigao\/kidelli\/\" rel=\"attachment wp-att-30503\"><img loading=\"lazy\" decoding=\"async\" class=\"wp-image-30503 alignright\" src=\"http:\/\/www2.comunitaria.com.br\/wp-content\/uploads\/2018\/01\/kidelli.jpeg\" alt=\"\" width=\"296\" height=\"198\" srcset=\"https:\/\/www2.comunitaria.com.br\/wp-content\/uploads\/2018\/01\/kidelli.jpeg 620w, https:\/\/www2.comunitaria.com.br\/wp-content\/uploads\/2018\/01\/kidelli-300x200.jpeg 300w\" sizes=\"auto, (max-width: 296px) 100vw, 296px\" \/><\/a>renda e comerciantes de alimentos em todo o pa\u00eds.<\/p>\n<p style=\"text-align: justify;\">A terceira marca de carnes da empresa, composta inicialmente por 14 produtos, dar\u00e1 a oportunidade de &#8220;aproveitar melhor o excedente de mat\u00e9ria-prima&#8221;, segundo o vice-presidente de opera\u00e7\u00f5es da companhia no Brasil, Alexandre de Almeida. A Kidelli ser\u00e1 feita a partir de excedentes de carnes usados na fabrica\u00e7\u00e3o dos produtos da Sadia e Perdig\u00e3o.<\/p>\n<p style=\"text-align: justify;\">&#8220;Excedentes que s\u00e3o compostos de peda\u00e7os nobres, como peitos de frangos, e que antes eram vendidos para terceiros de dentro e fora do pa\u00eds&#8221;, explicou o executivo.<\/p>\n<p style=\"text-align: justify;\">A Kidelli atuar\u00e1 em nove categorias, entre elas, presunto, empanados, mortadela, lingui\u00e7as e hamb\u00farguer. N\u00e3o haver\u00e1 investimentos de m\u00eddia na nova marca, que tamb\u00e9m n\u00e3o usar\u00e1 o canal de distribui\u00e7\u00e3o da companhia para chegar aos supermercados e outros pontos comerciais voltados aos consumidores finais.<\/p>\n<p style=\"text-align: justify;\">Essa estrat\u00e9gia, de acordo com Almeida, reduz o custo e faz com que o lan\u00e7amento seja bem competitivo em pre\u00e7o. &#8220;Apostamos em um modelo de distribui\u00e7\u00e3o simplificada, para pessoas que buscam qualidade, sabor e pre\u00e7o bastante atrativo&#8221;, disse.<\/p>\n<p style=\"text-align: justify;\">Esse segmento de carnes mais baratas em que a BRF, at\u00e9 agora, n\u00e3o fazia parte, representa uma fatia de 30% do setor de processados, calcula a companhia. &#8220;Com o lan\u00e7amento [da nova marca], vamos atender todos os p\u00fablicos&#8221;, disse Almeida.<\/p>\n<p style=\"text-align: justify;\">Ele frisou que o lan\u00e7amento seria complementar \u00e0s outras duas marcas de seu portf\u00f3lio e que n\u00e3o haver\u00e1 &#8220;canibaliza\u00e7\u00e3o&#8221; de produtos.<\/p>\n<p style=\"text-align: justify;\">A BRF n\u00e3o divulga quanto investiu na Kidelli, mas afirma que desembolsou R$ 560 milh\u00f5es em inova\u00e7\u00e3o nos \u00faltimos tr\u00eas anos e que parte desse montante foi para a cria\u00e7\u00e3o da nova marca.<\/p>\n<p style=\"text-align: justify;\">&nbsp;<\/p>\n<p style=\"text-align: justify;\"><em>Folha de S\u00e3o Paulo<\/em><\/p>","protected":false},"excerpt":{"rendered":"<p>Dona das marcas Sadia e Perdig\u00e3o, a BRF anunciou nesta ter\u00e7a-feira (9) a cria\u00e7\u00e3o de uma nova linha de carnes, com pre\u00e7os 15% abaixo dos praticados pela m\u00e9dia do mercado de processados. Batizada de Kidelli, ela come\u00e7a a ser vendida neste in\u00edcio do ano em atacarejos e por distribuidores independentes, com foco em baixa e<\/p>\n<div class=\"read-more-wrapper\"><a class=\"read-more\" href=\"https:\/\/www2.comunitaria.com.br\/en\/brf-lanca-marca-para-baixa-renda-com-sobras-de-sadia-e-perdigao\/\" title=\"Read More\"> <span class=\"button\">Read More<\/span><\/a><\/div>","protected":false},"author":2,"featured_media":30502,"comment_status":"open","ping_status":"closed","sticky":false,"template":"","format":"standard","meta":{"ngg_post_thumbnail":0,"footnotes":""},"categories":[47,39,33],"tags":[3818,3817],"class_list":["post-30501","post","type-post","status-publish","format-standard","has-post-thumbnail","hentry","category-brasil","category-economia","category-noticias","tag-brf","tag-kidelli"],"amp_enabled":true,"_links":{"self":[{"href":"https:\/\/www2.comunitaria.com.br\/en\/wp-json\/wp\/v2\/posts\/30501","targetHints":{"allow":["GET"]}}],"collection":[{"href":"https:\/\/www2.comunitaria.com.br\/en\/wp-json\/wp\/v2\/posts"}],"about":[{"href":"https:\/\/www2.comunitaria.com.br\/en\/wp-json\/wp\/v2\/types\/post"}],"author":[{"embeddable":true,"href":"https:\/\/www2.comunitaria.com.br\/en\/wp-json\/wp\/v2\/users\/2"}],"replies":[{"embeddable":true,"href":"https:\/\/www2.comunitaria.com.br\/en\/wp-json\/wp\/v2\/comments?post=30501"}],"version-history":[{"count":0,"href":"https:\/\/www2.comunitaria.com.br\/en\/wp-json\/wp\/v2\/posts\/30501\/revisions"}],"wp:featuredmedia":[{"embeddable":true,"href":"https:\/\/www2.comunitaria.com.br\/en\/wp-json\/wp\/v2\/media\/30502"}],"wp:attachment":[{"href":"https:\/\/www2.comunitaria.com.br\/en\/wp-json\/wp\/v2\/media?parent=30501"}],"wp:term":[{"taxonomy":"category","embeddable":true,"href":"https:\/\/www2.comunitaria.com.br\/en\/wp-json\/wp\/v2\/categories?post=30501"},{"taxonomy":"post_tag","embeddable":true,"href":"https:\/\/www2.comunitaria.com.br\/en\/wp-json\/wp\/v2\/tags?post=30501"}],"curies":[{"name":"wp","href":"https:\/\/api.w.org\/{rel}","templated":true}]}}