{"id":30318,"date":"2017-12-22T10:08:43","date_gmt":"2017-12-22T12:08:43","guid":{"rendered":"http:\/\/www2.comunitaria.com.br\/?p=30318"},"modified":"2017-12-22T10:09:33","modified_gmt":"2017-12-22T12:09:33","slug":"padre-alessandro-campos-reune-multidao-no-centro-de-fw","status":"publish","type":"post","link":"https:\/\/www2.comunitaria.com.br\/en\/padre-alessandro-campos-reune-multidao-no-centro-de-fw\/","title":{"rendered":"Padre Alessandro Campos re\u00fane multid\u00e3o no Centro de FW"},"content":{"rendered":"<p style=\"text-align: justify;\">A noite desta quinta-feira, 21, foi marcada por muita devo\u00e7\u00e3o, f\u00e9 e emo\u00e7\u00e3o. Milhares de pessoas se reuniram na Rua Monsenhor Vitor Batistella para acompanhar o show nacional com o Padre Alessandro Campos, cantor e tamb\u00e9m apresentador de TV. O evento faz parte da programa\u00e7\u00e3o do Frederico em Luz 2017 e, durante a apresenta\u00e7\u00e3o, o artista interpretou diferentes can\u00e7\u00f5es, dentre elas, sucessos nativistas do Rio Grande do Sul, al\u00e9m da sua m\u00fasica mais popular <em>&#8220;O que \u00e9 que eu sou sem Jesus?&#8221;.&nbsp;<\/em><\/p>\n<p style=\"text-align: justify;\">Em coletiva de imprensa, o Padre Alessandro Campos revelou que \u00e9 apaixonado pelo Rio Grande do Sul e tamb\u00e9m deixou uma mensagem para todos os frederiquenses:&nbsp;<\/p>\n<!--[if lt IE 9]><script>document.createElement('audio');<\/script><![endif]-->\n<audio class=\"wp-audio-shortcode\" id=\"audio-30318-1\" preload=\"none\" style=\"width: 100%;\" controls=\"controls\"><source type=\"audio\/mpeg\" src=\"http:\/\/www2.comunitaria.com.br\/wp-content\/uploads\/2017\/12\/PADRE-OK.mp3?_=1\" \/><a href=\"http:\/\/www2.comunitaria.com.br\/wp-content\/uploads\/2017\/12\/PADRE-OK.mp3\">http:\/\/www2.comunitaria.com.br\/wp-content\/uploads\/2017\/12\/PADRE-OK.mp3<\/a><\/audio>\n<p>Apesar do tempo inst\u00e1vel, o p\u00fablico acompanhou o show at\u00e9 o final e, durante a apresenta\u00e7\u00e3o,&nbsp; o Padre recebeu presentes da comunidade frederiquense.&nbsp;<\/p>\n<p>&nbsp;<\/p>","protected":false},"excerpt":{"rendered":"<p>A noite desta quinta-feira, 21, foi marcada por muita devo\u00e7\u00e3o, f\u00e9 e emo\u00e7\u00e3o. Milhares de pessoas se reuniram na Rua Monsenhor Vitor Batistella para acompanhar o show nacional com o Padre Alessandro Campos, cantor e tamb\u00e9m apresentador de TV. O evento faz parte da programa\u00e7\u00e3o do Frederico em Luz 2017 e, durante a apresenta\u00e7\u00e3o, o<\/p>\n<div class=\"read-more-wrapper\"><a class=\"read-more\" href=\"https:\/\/www2.comunitaria.com.br\/en\/padre-alessandro-campos-reune-multidao-no-centro-de-fw\/\" title=\"Read More\"> <span class=\"button\">Read More<\/span><\/a><\/div>","protected":false},"author":2,"featured_media":30320,"comment_status":"open","ping_status":"closed","sticky":false,"template":"","format":"standard","meta":{"ngg_post_thumbnail":0,"footnotes":""},"categories":[51,42,100,28,33,35],"tags":[389,187,1159,749,1165],"class_list":["post-30318","post","type-post","status-publish","format-standard","has-post-thumbnail","hentry","category-audio","category-fred-west","category-musica","category-destaque","category-noticias","category-variedades","tag-apresentacao","tag-frederico-em-luz","tag-musica","tag-show","tag-variedades"],"amp_enabled":true,"_links":{"self":[{"href":"https:\/\/www2.comunitaria.com.br\/en\/wp-json\/wp\/v2\/posts\/30318","targetHints":{"allow":["GET"]}}],"collection":[{"href":"https:\/\/www2.comunitaria.com.br\/en\/wp-json\/wp\/v2\/posts"}],"about":[{"href":"https:\/\/www2.comunitaria.com.br\/en\/wp-json\/wp\/v2\/types\/post"}],"author":[{"embeddable":true,"href":"https:\/\/www2.comunitaria.com.br\/en\/wp-json\/wp\/v2\/users\/2"}],"replies":[{"embeddable":true,"href":"https:\/\/www2.comunitaria.com.br\/en\/wp-json\/wp\/v2\/comments?post=30318"}],"version-history":[{"count":0,"href":"https:\/\/www2.comunitaria.com.br\/en\/wp-json\/wp\/v2\/posts\/30318\/revisions"}],"wp:featuredmedia":[{"embeddable":true,"href":"https:\/\/www2.comunitaria.com.br\/en\/wp-json\/wp\/v2\/media\/30320"}],"wp:attachment":[{"href":"https:\/\/www2.comunitaria.com.br\/en\/wp-json\/wp\/v2\/media?parent=30318"}],"wp:term":[{"taxonomy":"category","embeddable":true,"href":"https:\/\/www2.comunitaria.com.br\/en\/wp-json\/wp\/v2\/categories?post=30318"},{"taxonomy":"post_tag","embeddable":true,"href":"https:\/\/www2.comunitaria.com.br\/en\/wp-json\/wp\/v2\/tags?post=30318"}],"curies":[{"name":"wp","href":"https:\/\/api.w.org\/{rel}","templated":true}]}}