{"id":30290,"date":"2017-12-21T10:08:35","date_gmt":"2017-12-21T12:08:35","guid":{"rendered":"http:\/\/www2.comunitaria.com.br\/?p=30290"},"modified":"2017-12-21T10:11:31","modified_gmt":"2017-12-21T12:11:31","slug":"uniao-frederiquense-campanha-do-cimento-arrecada-mais-de-r-68-mil","status":"publish","type":"post","link":"https:\/\/www2.comunitaria.com.br\/en\/uniao-frederiquense-campanha-do-cimento-arrecada-mais-de-r-68-mil\/","title":{"rendered":"Uni\u00e3o Frederiquense: Campanha do Cimento arrecada mais de R$ 68 mil"},"content":{"rendered":"<p style=\"text-align: justify;\">O Uni\u00e3o Frederiquense finalizou na manh\u00e3 desta quinta-feira, 20,&nbsp;os n\u00fameros da Campanha do Cimento, a\u00e7\u00e3o realizada com o objetivo de arrecadar fundos para a obra de sua Arena do bairro Faguense.&nbsp;<\/p>\n<p style=\"text-align: justify;\">No total foram arrecadados exatos R$ 68.950,00, valor correspondente a 1.970 sacos de cimento. Al\u00e9m de conselheiros e diretores do Uni\u00e3o, v\u00e1rias empresas de materiais de constru\u00e7\u00e3o da regi\u00e3o realizaram parceria com o clube e contribu\u00edram para o incremento das vendas.<\/p>\n<p style=\"text-align: justify;\">&#8211; Fica nosso reconhecimento e agradecimento a todas as pessoas e empresas que ajudaram nesta a\u00e7\u00e3o, principalmente aos nossos torcedores, os quais entenderam o prop\u00f3sito. Cada cupom adquirido foi de extrema import\u00e2ncia para que nossa obra avan\u00e7asse &#8211; comentou o presidente do clube, Edison Cantarelli.<\/p>\n<p style=\"text-align: justify;\">Mesmo finalizada a campanha, o Uni\u00e3o Frederiquense continuar\u00e1 recebendo doa\u00e7\u00f5es para quem desejar seguir contribuindo. Neste caso, basta que o(s) interessado(s) contate(m) a Marion Sports para maiores informa\u00e7\u00f5es atrav\u00e9s do telefone (55) 3744-5055.<\/p>\n<p style=\"text-align: justify;\"><strong>ENTREGA DOS PR\u00caMIOS<\/strong><\/p>\n<p style=\"text-align: justify;\">Em parceria com a Schumann, ser\u00e3o repassados 15 pr\u00eamios aos contemplados no sorteio realizado no \u00faltimo dia 17 (tamb\u00e9m ser\u00e3o disponibilizados pelo clube outros cinco pr\u00eamios entre kits e pacotes de ingressos). As entregas ocorrer\u00e3o na filial de Frederico Westphalen no pr\u00f3ximo dia 5 de janeiro, \u00e0s 17 horas.<\/p>\n<p style=\"text-align: justify;\"><em>A.I. Uni\u00e3o Frederiquense<\/em><\/p>","protected":false},"excerpt":{"rendered":"<p>O Uni\u00e3o Frederiquense finalizou na manh\u00e3 desta quinta-feira, 20,&nbsp;os n\u00fameros da Campanha do Cimento, a\u00e7\u00e3o realizada com o objetivo de arrecadar fundos para a obra de sua Arena do bairro&#8230;<\/p>","protected":false},"author":2,"featured_media":30291,"comment_status":"open","ping_status":"closed","sticky":false,"template":"","format":"standard","meta":{"ngg_post_thumbnail":0,"footnotes":""},"categories":[34,42,33,48],"tags":[3502,60,3133,82,1066,688],"class_list":["post-30290","post","type-post","status-publish","format-standard","has-post-thumbnail","hentry","category-esportes","category-fred-west","category-noticias","category-uniao-frederiquense","tag-arena","tag-campanha","tag-campanha-do-cimento","tag-frederico-westphalen","tag-obra","tag-uniao-frederiquense"],"amp_enabled":true,"_links":{"self":[{"href":"https:\/\/www2.comunitaria.com.br\/en\/wp-json\/wp\/v2\/posts\/30290","targetHints":{"allow":["GET"]}}],"collection":[{"href":"https:\/\/www2.comunitaria.com.br\/en\/wp-json\/wp\/v2\/posts"}],"about":[{"href":"https:\/\/www2.comunitaria.com.br\/en\/wp-json\/wp\/v2\/types\/post"}],"author":[{"embeddable":true,"href":"https:\/\/www2.comunitaria.com.br\/en\/wp-json\/wp\/v2\/users\/2"}],"replies":[{"embeddable":true,"href":"https:\/\/www2.comunitaria.com.br\/en\/wp-json\/wp\/v2\/comments?post=30290"}],"version-history":[{"count":0,"href":"https:\/\/www2.comunitaria.com.br\/en\/wp-json\/wp\/v2\/posts\/30290\/revisions"}],"wp:featuredmedia":[{"embeddable":true,"href":"https:\/\/www2.comunitaria.com.br\/en\/wp-json\/wp\/v2\/media\/30291"}],"wp:attachment":[{"href":"https:\/\/www2.comunitaria.com.br\/en\/wp-json\/wp\/v2\/media?parent=30290"}],"wp:term":[{"taxonomy":"category","embeddable":true,"href":"https:\/\/www2.comunitaria.com.br\/en\/wp-json\/wp\/v2\/categories?post=30290"},{"taxonomy":"post_tag","embeddable":true,"href":"https:\/\/www2.comunitaria.com.br\/en\/wp-json\/wp\/v2\/tags?post=30290"}],"curies":[{"name":"wp","href":"https:\/\/api.w.org\/{rel}","templated":true}]}}