{"id":30139,"date":"2017-12-10T20:49:59","date_gmt":"2017-12-10T22:49:59","guid":{"rendered":"http:\/\/www2.comunitaria.com.br\/?p=30139"},"modified":"2017-12-11T06:20:00","modified_gmt":"2017-12-11T08:20:00","slug":"uniao-frederiquense-anuncia-as-contratacoes-de-rafael-piloes-e-thomas","status":"publish","type":"post","link":"https:\/\/www2.comunitaria.com.br\/en\/uniao-frederiquense-anuncia-as-contratacoes-de-rafael-piloes-e-thomas\/","title":{"rendered":"Uni\u00e3o Frederiquense anuncia as contrata\u00e7\u00f5es de Rafael Pil\u00f5es e Thomas"},"content":{"rendered":"<p style=\"text-align: justify;\">Os trabalhos continuam intensos pelos lados do bairro Faguense. Seja na obra da Arena, seja no departamento de futebol, o Uni\u00e3o Frederiquense segue em ritmo forte visando a Divis\u00e3o de Acesso de 2018. O clube anunciou mais dois refor\u00e7os para a competi\u00e7\u00e3o que se avizinha.<\/p>\n<p style=\"text-align: justify;\">Um deles \u00e9 cria da casa e retorna,&nbsp;<strong>o lateral direito Thomas<\/strong>. O outro vestir\u00e1 pela primeira vez a camisa do Le\u00e3o da Colina, vindo com a credencial de artilheiro por onde passou,&nbsp;<strong>o atacante Rafael Pil\u00f5es.&nbsp;<\/strong>Thomas defender\u00e1 o S\u00e3o Luiz de Iju\u00ed no Gauch\u00e3o, enquanto que Rafael Pil\u00f5es atuar\u00e1 pelo S\u00e3o Paulo de Rio Grande. Assim que ambos encerrarem suas participa\u00e7\u00f5es pelos respectivos clubes, imediatamente se apresentar\u00e3o no bairro Faguense.<\/p>\n<p>&nbsp;<\/p>\n<p>&nbsp;<\/p>","protected":false},"excerpt":{"rendered":"<p>Os trabalhos continuam intensos pelos lados do bairro Faguense. Seja na obra da Arena, seja no departamento de futebol, o Uni\u00e3o Frederiquense segue em ritmo forte visando a Divis\u00e3o de Acesso de 2018. O clube anunciou mais dois refor\u00e7os para a competi\u00e7\u00e3o que se avizinha. Um deles \u00e9 cria da casa e retorna,&nbsp;o lateral direito<\/p>\n<div class=\"read-more-wrapper\"><a class=\"read-more\" href=\"https:\/\/www2.comunitaria.com.br\/en\/uniao-frederiquense-anuncia-as-contratacoes-de-rafael-piloes-e-thomas\/\" title=\"Read More\"> <span class=\"button\">Read More<\/span><\/a><\/div>","protected":false},"author":2,"featured_media":30140,"comment_status":"open","ping_status":"closed","sticky":false,"template":"","format":"standard","meta":{"ngg_post_thumbnail":0,"footnotes":""},"categories":[50,34,46,42,33,48,35],"tags":[225,453,171,688],"class_list":["post-30139","post","type-post","status-publish","format-standard","has-post-thumbnail","hentry","category-campeonatos-locais","category-esportes","category-estado","category-fred-west","category-noticias","category-uniao-frederiquense","category-variedades","tag-contratacao","tag-reforco","tag-uniao","tag-uniao-frederiquense"],"amp_enabled":true,"_links":{"self":[{"href":"https:\/\/www2.comunitaria.com.br\/en\/wp-json\/wp\/v2\/posts\/30139","targetHints":{"allow":["GET"]}}],"collection":[{"href":"https:\/\/www2.comunitaria.com.br\/en\/wp-json\/wp\/v2\/posts"}],"about":[{"href":"https:\/\/www2.comunitaria.com.br\/en\/wp-json\/wp\/v2\/types\/post"}],"author":[{"embeddable":true,"href":"https:\/\/www2.comunitaria.com.br\/en\/wp-json\/wp\/v2\/users\/2"}],"replies":[{"embeddable":true,"href":"https:\/\/www2.comunitaria.com.br\/en\/wp-json\/wp\/v2\/comments?post=30139"}],"version-history":[{"count":0,"href":"https:\/\/www2.comunitaria.com.br\/en\/wp-json\/wp\/v2\/posts\/30139\/revisions"}],"wp:featuredmedia":[{"embeddable":true,"href":"https:\/\/www2.comunitaria.com.br\/en\/wp-json\/wp\/v2\/media\/30140"}],"wp:attachment":[{"href":"https:\/\/www2.comunitaria.com.br\/en\/wp-json\/wp\/v2\/media?parent=30139"}],"wp:term":[{"taxonomy":"category","embeddable":true,"href":"https:\/\/www2.comunitaria.com.br\/en\/wp-json\/wp\/v2\/categories?post=30139"},{"taxonomy":"post_tag","embeddable":true,"href":"https:\/\/www2.comunitaria.com.br\/en\/wp-json\/wp\/v2\/tags?post=30139"}],"curies":[{"name":"wp","href":"https:\/\/api.w.org\/{rel}","templated":true}]}}