{"id":2994,"date":"2015-03-18T10:04:10","date_gmt":"2015-03-18T12:04:10","guid":{"rendered":"http:\/\/www2.comunitaria.com.br\/?p=2994"},"modified":"2015-03-18T10:04:10","modified_gmt":"2015-03-18T12:04:10","slug":"comeca-nesta-quinta-feira-as-atividades-do-movimento-pela-paz-sepe-tiaraju-em-fw","status":"publish","type":"post","link":"https:\/\/www2.comunitaria.com.br\/en\/comeca-nesta-quinta-feira-as-atividades-do-movimento-pela-paz-sepe-tiaraju-em-fw\/","title":{"rendered":"Come\u00e7a nesta quinta-feira as atividades do Movimento pela Paz Sep\u00e9 Tiaraju em FW"},"content":{"rendered":"<p style=\"text-align: justify;\">Ocorreu no \u00faltimo dia 12 de mar\u00e7o, quinta-feira, nas depend\u00eancias da Promotoria de Justi\u00e7a de Frederico Westphalen, uma coletiva de imprensa para a divulga\u00e7\u00e3o do Movimento pela Paz Sep\u00e9 Tiaraju em Frederico Westphalen. O movimento \u00e9 uma realiza\u00e7\u00e3o do Minist\u00e9rio P\u00fablico do Estado do Rio Grande do Sul e tem como objetivo contribuir para a constru\u00e7\u00e3o de uma cultura de paz nas escolas.<\/p>\n<p style=\"text-align: justify;\">A Prefeitura Municipal de Frederico Westphalen \u00e9 parceira do Movimento pela Paz Sep\u00e9 Tiaraju. O movimento ser\u00e1 realizado no munic\u00edpio atrav\u00e9s de oficinas com os professores nas escolas, visando sensibiliz\u00e1-los para a pr\u00e1tica da cultura da paz e para a import\u00e2ncia da escola como instrumento de conhecimento.<\/p>\n<p style=\"text-align: justify;\">De acordo com a representante do movimento na Prefeitura Municipal de Frederico Westphalen, Graziella Damo, \u201ca import\u00e2ncia desse movimento \u00e9 para a rede educacional do munic\u00edpio, pois vai envolver toda rede p\u00fablica, estadual, municipal, escolas particulares e universidades. Atrav\u00e9s disso o munic\u00edpio vai poder tra\u00e7ar um diagn\u00f3stico e criar uma rede de atendimento educacional\u201d.<\/p>\n<p style=\"text-align: justify;\">Acompanhe a programa\u00e7\u00e3o completa das a\u00e7\u00f5es realizadas pelo Movimento pela Paz Sep\u00e9 Tiaraju no munic\u00edpio:<\/p>\n<p style=\"text-align: justify;\">\u00a0<strong>Dia 19-03-2015 \u2013 quinta-feira<\/strong><\/p>\n<p style=\"text-align: justify;\"><strong>07h15min<\/strong> <strong>&#8211; Caf\u00e9 da Manh\u00e3 com Empres\u00e1rios<\/strong><\/p>\n<p style=\"text-align: justify;\">Participantes: Roberto Bandeira Pereira, Procurador de Justi\u00e7a, e Ant\u00f4nio Carlos de Avelar Bastos, Procurador de Funda\u00e7\u00f5es, ambos do Minist\u00e9rio P\u00fablico do RS; Fernando Lorenz de Azevedo e Adonis Osellame, empres\u00e1rios; e Lorenzo Rebuelta Neves, advogado.<\/p>\n<p style=\"text-align: justify;\">P\u00fablico-alvo: Empres\u00e1rios de Frederico Westphalen<\/p>\n<p style=\"text-align: justify;\">Local: Associa\u00e7\u00e3o Comercial e Industrial de Frederico Westphalen<\/p>\n<p style=\"text-align: justify;\"><strong>9h \u2013 Workshop \u201cDireitos Humanos e Espiritualidade na Sa\u00fade\u201d<\/strong><\/p>\n<p style=\"text-align: justify;\">Palestrantes: Mauro Lu\u00eds Silva de Souza, Promotor de Justi\u00e7a, Coordenador do Centro de Apoio Operacional dos Direitos Humanos do Minist\u00e9rio P\u00fablico do RS; e<\/p>\n<p style=\"text-align: justify;\">C\u00e9sar Geremia, M\u00e9dico Endocrinologista pedi\u00e1trico, Mestre em medicina pela UFRGS, m\u00e9dico do Hospital da Crian\u00e7a Concei\u00e7\u00e3o.<\/p>\n<p style=\"text-align: justify;\">P\u00fablico-alvo: Estudantes e profissionais nas \u00e1reas da sa\u00fade, do Direito e da Gest\u00e3o P\u00fablica; Religiosos e comunidade em geral.<\/p>\n<p style=\"text-align: justify;\">Local: Audit\u00f3rio da Universidade Regional Integrada do Alto Uruguai e das Miss\u00f5es \u2013 URI<\/p>\n<p style=\"text-align: justify;\"><strong>14h \u2013 Workshop \u2013 \u201cConstruindo uma Nova Cidadania: Sustentabilidade e Bem Estar Coletivo\u201d<\/strong><\/p>\n<p style=\"text-align: justify;\">Palestrante: Roseli Panta de Vargas, integrante do Grupo Estrat\u00e9gico de Gest\u00e3o Socioambiental do Banrisul S\/A.<\/p>\n<p style=\"text-align: justify;\">P\u00fablico-alvo: Lideran\u00e7as dos setores p\u00fablico e privado, do terceiro setor e de Universidades.<\/p>\n<p style=\"text-align: justify;\">Local: Audit\u00f3rio da Promotoria de Justi\u00e7a de Frederico Westphalen<\/p>\n<p style=\"text-align: justify;\"><strong>14h \u2013 Workshop: \u201cOs Princ\u00edpios Fundamentais da Educa\u00e7\u00e3o da Vida e a \u00c9tica da Liberta\u00e7\u00e3o do Ser Humano\u201d<\/strong><\/p>\n<p style=\"text-align: justify;\">Palestrante: Ruy Pedro Baratz Ribeiro, Administrador, Professor, Conselheiro Federal dos Administradores e Preletor da Seicho-No-Ie do Brasil.<\/p>\n<p style=\"text-align: justify;\"><strong>15h30min \u2013 Workshop: \u201cVivendo Valores na Educa\u00e7\u00e3o\u201d<\/strong><\/p>\n<p style=\"text-align: justify;\">Palestrante: Patr\u00edcia Costa da Silva, Psic\u00f3loga e Volunt\u00e1ria da Brahma Kumaris<\/p>\n<p style=\"text-align: justify;\">P\u00fablico-alvo: Autoridades municipais e estaduais da regi\u00e3o; Educadores, Orientadores educacionais e dirigentes de escolas.<\/p>\n<p style=\"text-align: justify;\">Local: Audit\u00f3rio da Escola Estadual Cardeal Roncalli<\/p>\n<p style=\"text-align: justify;\"><strong>17h30min \u2013 Atividade de Abertura \u2013 Harmoniza\u00e7\u00e3o e integra\u00e7\u00e3o<\/strong><\/p>\n<p style=\"text-align: justify;\">Apresenta\u00e7\u00e3o dos Oficineiros; Prop\u00f3sito e Hist\u00f3ria do Movimento pela Paz Sep\u00e9 Tiaraju \u2013 Anahy Fagundes Dias Fonseca; e Harmoniza\u00e7\u00e3o \u2013 Patr\u00edcia Costa da Silva<\/p>\n<p style=\"text-align: justify;\">P\u00fablico-alvo: Oficineiros do Movimento pela Paz Sep\u00e9 Tiaraju<\/p>\n<p style=\"text-align: justify;\">Local: Audit\u00f3rio da Escola Estadual Cardeal Roncalli<\/p>\n<p style=\"text-align: justify;\"><strong>19h15min \u2013 Movimento pela Paz Sep\u00e9 Tiaraju em Frederico Westphalen \u2013 \u201cOs desafios da PAZ no cotidiano\u201d<\/strong><\/p>\n<p style=\"text-align: justify;\">Palestrante: Rodrigo Brito, Engenheiro de Produ\u00e7\u00e3o (USP), forma\u00e7\u00e3o em Propaganda (ESPM), volunt\u00e1rio da Brahma Kumaris em SP.<\/p>\n<p style=\"text-align: justify;\"><strong>20h15min \u2013 Painel \u201cA paz e suas facetas: Direitos Humanos, Educa\u00e7\u00e3o, Qualidade de Vida e Bem Estar Coletivo\u201d<\/strong><\/p>\n<p style=\"text-align: justify;\">Coordena\u00e7\u00e3o: Dra. Anahy Fagundes Dias Fonseca, M\u00e9dica psiquiatra<\/p>\n<p style=\"text-align: justify;\">Com Cesar Faccioli, Secret\u00e1rio Estadual da Justi\u00e7a e dos Direitos Humanos; Anamaria Colla, Doutora em Educa\u00e7\u00e3o, integrante do GEPAZ\/PUC; e Roseli Panta de Vargas, Administradora, assessora no Grupo Estrat\u00e9gico de Gest\u00e3o Socioambiental do Banrisul\/S.A.<\/p>\n<p style=\"text-align: justify;\">P\u00fablico-alvo: Educadores, universit\u00e1rios e p\u00fablico em geral<\/p>\n<p style=\"text-align: justify;\">Local: Sal\u00e3o de Atos da Universidade Regional Integrada do Alto Uruguai e das Miss\u00f5es \u2013 URI<\/p>\n<p style=\"text-align: justify;\"><strong>Dia 20\/03\/2015 \u2013 Sexta-Feira<\/strong><\/p>\n<p style=\"text-align: justify;\"><strong>09h \u2013 Oficinas simult\u00e2neas<\/strong><\/p>\n<p style=\"text-align: justify;\"><strong>09h \u2013 Workshop: \u201cEduca\u00e7\u00e3o para Paz\u201d<\/strong><\/p>\n<p style=\"text-align: justify;\">Palestrantes: Prof. C\u00edcero Marcos Teixeira, Doutor em Educa\u00e7\u00e3o pela UFRGS, volunt\u00e1rio da Soc. Beneficente Esp\u00edrita Bezerra de Menezes e do Instituto Francisco Valdomiro Lorenz; e Dra. Anahy Fagundes Dias Fonseca, M\u00e9dica psiquiatra, Vice-presidente da Associa\u00e7\u00e3o M\u00e9dico-Esp\u00edrita do RS \u2013 AMERGS.<\/p>\n<p style=\"text-align: justify;\">P\u00fablico-Alvo: estudantes do ensino m\u00e9dio e universit\u00e1rios<\/p>\n<p style=\"text-align: justify;\">Local: Universidade Federal de Santa Maria \u2013 UFSM\/CESNORS<\/p>\n<p style=\"text-align: justify;\"><strong>14h30min \u2013 Painel do Movimento Sep\u00e9 Tiaraju- \u201cOs desafios da educa\u00e7\u00e3o na atualidade: a busca do her\u00f3i interior e seus valores\u201d<\/strong><\/p>\n<p style=\"text-align: justify;\">Painelistas: Dra. Anahy Fagundes Dias Fonseca, M\u00e9dica psiquiatra; Dra. Ros\u00e2ngela Corr\u00eaa da Rosa, Promotora de Justi\u00e7a Regional da Educa\u00e7\u00e3o de Santa Maria; Dr. Jo\u00e3o Paulo Bittencourt Cardozo; Promotor de Justi\u00e7a de Palmeira das Miss\u00f5es; e Dr. Rog\u00e9rio Fava Santos, Promotor de Justi\u00e7a de Frederico Westphalen.<\/p>\n<p style=\"text-align: justify;\">P\u00fablico-alvo: Oficineiros, participantes das oficinas e p\u00fablico em geral<\/p>\n<p style=\"text-align: justify;\">Local: Audit\u00f3rio da Escola Estadual Cardeal Roncalli<\/p>\n<p style=\"text-align: justify;\"><strong>Dia 21-03-2015 \u2013 S\u00e1bado<\/strong><\/p>\n<p style=\"text-align: justify;\"><strong>9h \u2013 Atividades na Pra\u00e7a:<\/strong><\/p>\n<p style=\"text-align: justify;\">&#8211; Jogo \u201cTrilha da Calma\u201d \u2013 Brahma Kumaris<\/p>\n<p style=\"text-align: justify;\">&#8211; Conte Mais \u2013 Federa\u00e7\u00e3o Esp\u00edrita do RS \u2013 FERGS<\/p>\n<p style=\"text-align: justify;\">&#8211; Teatro de bonecos \u2013 Seicho-No-Ie do Brasil<\/p>\n<p style=\"text-align: justify;\">&#8211; Exposi\u00e7\u00e3o de livros e CDs \u2013 AMERGS, Brahma Kumaris, FERGS e Seicho-No-Ie do Brasil<\/p>\n<p style=\"text-align: justify;\">&#8211; Di\u00e1logo com o Professor C\u00edcero Marcos Teixeira<\/p>\n<p style=\"text-align: justify;\">&#8211; Feira de Empreendedorismo Banrisul<\/p>\n<p style=\"text-align: justify;\">&#8211; Brinquedos do SESC<\/p>\n<p style=\"text-align: justify;\"><strong>10h \u2013 Confec\u00e7\u00e3o Colar Sep\u00e9 Tiaraju<\/strong><\/p>\n<p style=\"text-align: justify;\">Coordena\u00e7\u00e3o: Anahy Fagundes Dias Fonseca e Cleci Marchioro<\/p>\n<p style=\"text-align: justify;\">Local: Pra\u00e7a da Matriz<\/p>\n<p style=\"text-align: justify;\">\n<p style=\"text-align: justify;\"><em>A.I\/FW<\/em><\/p>","protected":false},"excerpt":{"rendered":"<p>Ocorreu no \u00faltimo dia 12 de mar\u00e7o, quinta-feira, nas depend\u00eancias da Promotoria de Justi\u00e7a de Frederico Westphalen, uma coletiva de imprensa para a divulga\u00e7\u00e3o do Movimento pela Paz Sep\u00e9 Tiaraju&#8230;<\/p>","protected":false},"author":2,"featured_media":2995,"comment_status":"open","ping_status":"closed","sticky":false,"template":"","format":"standard","meta":{"ngg_post_thumbnail":0,"footnotes":""},"categories":[42,28,33],"tags":[814,801],"class_list":["post-2994","post","type-post","status-publish","format-standard","has-post-thumbnail","hentry","category-fred-west","category-destaque","category-noticias","tag-movimento-pela-paz","tag-sepe-tiaraju"],"amp_enabled":true,"_links":{"self":[{"href":"https:\/\/www2.comunitaria.com.br\/en\/wp-json\/wp\/v2\/posts\/2994","targetHints":{"allow":["GET"]}}],"collection":[{"href":"https:\/\/www2.comunitaria.com.br\/en\/wp-json\/wp\/v2\/posts"}],"about":[{"href":"https:\/\/www2.comunitaria.com.br\/en\/wp-json\/wp\/v2\/types\/post"}],"author":[{"embeddable":true,"href":"https:\/\/www2.comunitaria.com.br\/en\/wp-json\/wp\/v2\/users\/2"}],"replies":[{"embeddable":true,"href":"https:\/\/www2.comunitaria.com.br\/en\/wp-json\/wp\/v2\/comments?post=2994"}],"version-history":[{"count":0,"href":"https:\/\/www2.comunitaria.com.br\/en\/wp-json\/wp\/v2\/posts\/2994\/revisions"}],"wp:featuredmedia":[{"embeddable":true,"href":"https:\/\/www2.comunitaria.com.br\/en\/wp-json\/wp\/v2\/media\/2995"}],"wp:attachment":[{"href":"https:\/\/www2.comunitaria.com.br\/en\/wp-json\/wp\/v2\/media?parent=2994"}],"wp:term":[{"taxonomy":"category","embeddable":true,"href":"https:\/\/www2.comunitaria.com.br\/en\/wp-json\/wp\/v2\/categories?post=2994"},{"taxonomy":"post_tag","embeddable":true,"href":"https:\/\/www2.comunitaria.com.br\/en\/wp-json\/wp\/v2\/tags?post=2994"}],"curies":[{"name":"wp","href":"https:\/\/api.w.org\/{rel}","templated":true}]}}