{"id":29848,"date":"2017-11-23T09:45:01","date_gmt":"2017-11-23T11:45:01","guid":{"rendered":"http:\/\/www2.comunitaria.com.br\/?p=29848"},"modified":"2017-11-23T09:46:51","modified_gmt":"2017-11-23T11:46:51","slug":"escola-da-uri-lanca-edital-de-bolsa-25","status":"publish","type":"post","link":"https:\/\/www2.comunitaria.com.br\/en\/escola-da-uri-lanca-edital-de-bolsa-25\/","title":{"rendered":"Escola da URI lan\u00e7a edital de bolsa 25%"},"content":{"rendered":"<p style=\"text-align: justify;\">A dire\u00e7\u00e3o da Escola de Educa\u00e7\u00e3o da URI\/FW, respons\u00e1vel pela Sele\u00e7\u00e3o e Acompanhamento de Bolsas de Estudos, divulgou nesta semana, que no per\u00edodo de 20 a 30 de Novembro de 2017, estar\u00e3o abertas as inscri\u00e7\u00f5es para bolsa de estudo na institui\u00e7\u00e3o.&nbsp;Ser\u00e1 concedida uma bolsa de 25% para alunos do 1\u00ba ano.<\/p>\n<p style=\"text-align: justify;\">Alunos da Escola da URI, filhos de funcion\u00e1rios e professores n\u00e3o poder\u00e3o participar do processo de sele\u00e7\u00e3o. A Bolsa&nbsp;tem validade para os tr\u00eas anos do Ensino M\u00e9dio. Sendo intransfer\u00edvel para outra pessoa.&nbsp;Mais informa\u00e7\u00f5es do Edital podem ser conferidas na <a href=\"http:\/\/www.fw.uri.br\/site\/\" target=\"_blank\" rel=\"noopener noreferrer\">p\u00e1gina da URI<\/a>&nbsp;ou na Escola de Educa\u00e7\u00e3o B\u00e1sica da URI- Campus de Frederico Westphalen.<\/p>\n<p><em>Assessoria URI\/FW<\/em><\/p>","protected":false},"excerpt":{"rendered":"<p>A dire\u00e7\u00e3o da Escola de Educa\u00e7\u00e3o da URI\/FW, respons\u00e1vel pela Sele\u00e7\u00e3o e Acompanhamento de Bolsas de Estudos, divulgou nesta semana, que no per\u00edodo de 20 a 30 de Novembro de 2017, estar\u00e3o abertas as inscri\u00e7\u00f5es para bolsa de estudo na institui\u00e7\u00e3o.&nbsp;Ser\u00e1 concedida uma bolsa de 25% para alunos do 1\u00ba ano. Alunos da Escola da<\/p>\n<div class=\"read-more-wrapper\"><a class=\"read-more\" href=\"https:\/\/www2.comunitaria.com.br\/en\/escola-da-uri-lanca-edital-de-bolsa-25\/\" title=\"Read More\"> <span class=\"button\">Read More<\/span><\/a><\/div>","protected":false},"author":2,"featured_media":29849,"comment_status":"open","ping_status":"closed","sticky":false,"template":"","format":"standard","meta":{"ngg_post_thumbnail":0,"footnotes":""},"categories":[44,42,33],"tags":[2209,413,3757,2999],"class_list":["post-29848","post","type-post","status-publish","format-standard","has-post-thumbnail","hentry","category-educacao","category-fred-west","category-noticias","tag-bolsa","tag-educacao-2","tag-escola-uri","tag-urifw"],"amp_enabled":true,"_links":{"self":[{"href":"https:\/\/www2.comunitaria.com.br\/en\/wp-json\/wp\/v2\/posts\/29848","targetHints":{"allow":["GET"]}}],"collection":[{"href":"https:\/\/www2.comunitaria.com.br\/en\/wp-json\/wp\/v2\/posts"}],"about":[{"href":"https:\/\/www2.comunitaria.com.br\/en\/wp-json\/wp\/v2\/types\/post"}],"author":[{"embeddable":true,"href":"https:\/\/www2.comunitaria.com.br\/en\/wp-json\/wp\/v2\/users\/2"}],"replies":[{"embeddable":true,"href":"https:\/\/www2.comunitaria.com.br\/en\/wp-json\/wp\/v2\/comments?post=29848"}],"version-history":[{"count":0,"href":"https:\/\/www2.comunitaria.com.br\/en\/wp-json\/wp\/v2\/posts\/29848\/revisions"}],"wp:featuredmedia":[{"embeddable":true,"href":"https:\/\/www2.comunitaria.com.br\/en\/wp-json\/wp\/v2\/media\/29849"}],"wp:attachment":[{"href":"https:\/\/www2.comunitaria.com.br\/en\/wp-json\/wp\/v2\/media?parent=29848"}],"wp:term":[{"taxonomy":"category","embeddable":true,"href":"https:\/\/www2.comunitaria.com.br\/en\/wp-json\/wp\/v2\/categories?post=29848"},{"taxonomy":"post_tag","embeddable":true,"href":"https:\/\/www2.comunitaria.com.br\/en\/wp-json\/wp\/v2\/tags?post=29848"}],"curies":[{"name":"wp","href":"https:\/\/api.w.org\/{rel}","templated":true}]}}