{"id":29653,"date":"2017-11-07T11:17:35","date_gmt":"2017-11-07T13:17:35","guid":{"rendered":"http:\/\/www2.comunitaria.com.br\/?p=29653"},"modified":"2017-11-07T11:18:01","modified_gmt":"2017-11-07T13:18:01","slug":"corte-no-seguro-rural-provoca-reacao-no-setor","status":"publish","type":"post","link":"https:\/\/www2.comunitaria.com.br\/en\/corte-no-seguro-rural-provoca-reacao-no-setor\/","title":{"rendered":"Corte no seguro rural provoca rea\u00e7\u00e3o no setor"},"content":{"rendered":"<p style=\"text-align: justify;\">Ap\u00f3s o governo federal reduzir o valor alocado ao programa de subven\u00e7\u00e3o ao seguro rural para 2018, de R$ 550 milh\u00f5es para R$ 410 milh\u00f5es, entidades ligadas ao setor reagiram. O corte de recursos est\u00e1 previsto na \u00faltima vers\u00e3o da lei or\u00e7ament\u00e1ria entregue ao Congresso. Em reuni\u00e3o da Comiss\u00e3o Nacional de Pol\u00edtica Agr\u00edcola, na Confedera\u00e7\u00e3o da Agricultura (CNA), realizada em Bras\u00edlia nesta segunda-feira, 6, as entidades foram orientadas a encaminhar \u00e0 Frente Parlamentar da Agricultura reivindica\u00e7\u00f5es para que o montante seja revisto. O prazo para emendas segue at\u00e9 quinta-feira.<\/p>\n<p style=\"text-align: justify;\">\u201cEstamos cobrando que o governo execute, no m\u00ednimo, os R$ 550 milh\u00f5es que prometeu no Plano Safra\u201d, afirma o vice-presidente da comiss\u00e3o, Pedro Loyola. Segundo ele, pelo menos 35 mil ap\u00f3lices deixar\u00e3o de ser feitas em todo o pa\u00eds. \u201cO custo do seguro \u00e9 muito alto para o produtor bancar sozinho\u201d. Loyola lembra que, nos Estados Unidos, 80% dos recursos de pol\u00edtica agr\u00edcola s\u00e3o direcionados ao seguro e 95% dos produtores rurais participam do programa de subven\u00e7\u00e3o, enquanto que no Brasil apenas 10% t\u00eam acesso.<\/p>\n<p style=\"text-align: justify;\">O coordenador da Comiss\u00e3o de Cr\u00e9dito Rural da Farsul, Elmar Konrad, aponta que, al\u00e9m de os subs\u00eddios serem insuficientes, o Rio Grande do Sul \u00e9 o \u00faltimo Estado a fazer as contrata\u00e7\u00f5es, momento em que a subven\u00e7\u00e3o j\u00e1 \u00e9 escassa. \u201c\u00c9 uma bagun\u00e7a\u201d, resume. Para o exerc\u00edcio de 2017, o governo federal j\u00e1 depositou R$ 377 milh\u00f5es, dos R$ 400 milh\u00f5es prometidos.<\/p>\n<p style=\"text-align: justify;\"><em>C.P.<\/em><\/p>","protected":false},"excerpt":{"rendered":"<p>Ap\u00f3s o governo federal reduzir o valor alocado ao programa de subven\u00e7\u00e3o ao seguro rural para 2018, de R$ 550 milh\u00f5es para R$ 410 milh\u00f5es, entidades ligadas ao setor reagiram. O corte de recursos est\u00e1 previsto na \u00faltima vers\u00e3o da lei or\u00e7ament\u00e1ria entregue ao Congresso. Em reuni\u00e3o da Comiss\u00e3o Nacional de Pol\u00edtica Agr\u00edcola, na Confedera\u00e7\u00e3o<\/p>\n<div class=\"read-more-wrapper\"><a class=\"read-more\" href=\"https:\/\/www2.comunitaria.com.br\/en\/corte-no-seguro-rural-provoca-reacao-no-setor\/\" title=\"Read More\"> <span class=\"button\">Read More<\/span><\/a><\/div>","protected":false},"author":2,"featured_media":29659,"comment_status":"open","ping_status":"closed","sticky":false,"template":"","format":"standard","meta":{"ngg_post_thumbnail":0,"footnotes":""},"categories":[47,46,3615,33,38,45],"tags":[519,1829,1079,1384,479,3753],"class_list":["post-29653","post","type-post","status-publish","format-standard","has-post-thumbnail","hentry","category-brasil","category-estado","category-meio-ambiente","category-noticias","category-politica","category-rural","tag-estado-2","tag-pais","tag-politica","tag-recurso","tag-rural-2","tag-seguro-rural"],"amp_enabled":true,"_links":{"self":[{"href":"https:\/\/www2.comunitaria.com.br\/en\/wp-json\/wp\/v2\/posts\/29653","targetHints":{"allow":["GET"]}}],"collection":[{"href":"https:\/\/www2.comunitaria.com.br\/en\/wp-json\/wp\/v2\/posts"}],"about":[{"href":"https:\/\/www2.comunitaria.com.br\/en\/wp-json\/wp\/v2\/types\/post"}],"author":[{"embeddable":true,"href":"https:\/\/www2.comunitaria.com.br\/en\/wp-json\/wp\/v2\/users\/2"}],"replies":[{"embeddable":true,"href":"https:\/\/www2.comunitaria.com.br\/en\/wp-json\/wp\/v2\/comments?post=29653"}],"version-history":[{"count":0,"href":"https:\/\/www2.comunitaria.com.br\/en\/wp-json\/wp\/v2\/posts\/29653\/revisions"}],"wp:featuredmedia":[{"embeddable":true,"href":"https:\/\/www2.comunitaria.com.br\/en\/wp-json\/wp\/v2\/media\/29659"}],"wp:attachment":[{"href":"https:\/\/www2.comunitaria.com.br\/en\/wp-json\/wp\/v2\/media?parent=29653"}],"wp:term":[{"taxonomy":"category","embeddable":true,"href":"https:\/\/www2.comunitaria.com.br\/en\/wp-json\/wp\/v2\/categories?post=29653"},{"taxonomy":"post_tag","embeddable":true,"href":"https:\/\/www2.comunitaria.com.br\/en\/wp-json\/wp\/v2\/tags?post=29653"}],"curies":[{"name":"wp","href":"https:\/\/api.w.org\/{rel}","templated":true}]}}