{"id":29448,"date":"2017-10-18T17:26:22","date_gmt":"2017-10-18T19:26:22","guid":{"rendered":"http:\/\/www2.comunitaria.com.br\/?p=29448"},"modified":"2017-10-18T22:33:44","modified_gmt":"2017-10-19T00:33:44","slug":"mais-de-50-quilos-de-maconha-sao-apreendidos-pela-prf-em-seberi","status":"publish","type":"post","link":"https:\/\/www2.comunitaria.com.br\/en\/mais-de-50-quilos-de-maconha-sao-apreendidos-pela-prf-em-seberi\/","title":{"rendered":"Mais de 50 quilos de maconha s\u00e3o apreendidos pela PRF em Seberi"},"content":{"rendered":"<p style=\"text-align: justify;\">A PRF apreendeu aproximadamente 51kg de maconha na tarde desta quarta-feira,18, na BR 386 em Seberi.&nbsp;Contando com informa\u00e7\u00f5es da intelig\u00eancia, os agentes da unidade de Seberi abordaram um ve\u00edculo Corsa com placas de Cascavel\/PR. Os 4 ocupantes, o condutor de 35 anos, uma mulher gr\u00e1vida com uma crian\u00e7a de colo de 1 ano e 9 meses e um adolescente, afirmaram estar viajando para Santa Cruz do Sul.<\/p>\n<p style=\"text-align: justify;\">Os policiais, contando com fundada suspeita da hist\u00f3ria relatada, decidiram aprofundar a abordagem e acabaram encontrando 79 tabletes de maconha, totalizando 51 kg, escondidos em v\u00e1rios locais do ve\u00edculo.&nbsp;O condutor, a mulher e o ve\u00edculo juntamente com as drogas foram encaminhados a pol\u00edcia judici\u00e1ria para confec\u00e7\u00e3o do flagrante. Os menores ser\u00e3o encaminhados ao Conselho Tutelar.<\/p>\n<div class=\"_4tdt _ua1\">\n<div class=\"_31o4 _3njy\"><em>Fonte: PRF<\/em><\/div>\n<\/div>","protected":false},"excerpt":{"rendered":"<p>A PRF apreendeu aproximadamente 51kg de maconha na tarde desta quarta-feira,18, na BR 386 em Seberi.&nbsp;Contando com informa\u00e7\u00f5es da intelig\u00eancia, os agentes da unidade de Seberi abordaram um ve\u00edculo Corsa com placas de Cascavel\/PR. Os 4 ocupantes, o condutor de 35 anos, uma mulher gr\u00e1vida com uma crian\u00e7a de colo de 1 ano e 9<\/p>\n<div class=\"read-more-wrapper\"><a class=\"read-more\" href=\"https:\/\/www2.comunitaria.com.br\/en\/mais-de-50-quilos-de-maconha-sao-apreendidos-pela-prf-em-seberi\/\" title=\"Read More\"> <span class=\"button\">Read More<\/span><\/a><\/div>","protected":false},"author":2,"featured_media":29457,"comment_status":"open","ping_status":"closed","sticky":false,"template":"","format":"standard","meta":{"ngg_post_thumbnail":0,"footnotes":""},"categories":[42,33,36,43],"tags":[178,155,177,394,86],"class_list":["post-29448","post","type-post","status-publish","format-standard","has-post-thumbnail","hentry","category-fred-west","category-noticias","category-policia","category-regiao","tag-apreensao","tag-drogas","tag-policia-2","tag-prf","tag-regiao-2"],"amp_enabled":true,"_links":{"self":[{"href":"https:\/\/www2.comunitaria.com.br\/en\/wp-json\/wp\/v2\/posts\/29448","targetHints":{"allow":["GET"]}}],"collection":[{"href":"https:\/\/www2.comunitaria.com.br\/en\/wp-json\/wp\/v2\/posts"}],"about":[{"href":"https:\/\/www2.comunitaria.com.br\/en\/wp-json\/wp\/v2\/types\/post"}],"author":[{"embeddable":true,"href":"https:\/\/www2.comunitaria.com.br\/en\/wp-json\/wp\/v2\/users\/2"}],"replies":[{"embeddable":true,"href":"https:\/\/www2.comunitaria.com.br\/en\/wp-json\/wp\/v2\/comments?post=29448"}],"version-history":[{"count":0,"href":"https:\/\/www2.comunitaria.com.br\/en\/wp-json\/wp\/v2\/posts\/29448\/revisions"}],"wp:featuredmedia":[{"embeddable":true,"href":"https:\/\/www2.comunitaria.com.br\/en\/wp-json\/wp\/v2\/media\/29457"}],"wp:attachment":[{"href":"https:\/\/www2.comunitaria.com.br\/en\/wp-json\/wp\/v2\/media?parent=29448"}],"wp:term":[{"taxonomy":"category","embeddable":true,"href":"https:\/\/www2.comunitaria.com.br\/en\/wp-json\/wp\/v2\/categories?post=29448"},{"taxonomy":"post_tag","embeddable":true,"href":"https:\/\/www2.comunitaria.com.br\/en\/wp-json\/wp\/v2\/tags?post=29448"}],"curies":[{"name":"wp","href":"https:\/\/api.w.org\/{rel}","templated":true}]}}