{"id":29413,"date":"2017-10-17T14:36:46","date_gmt":"2017-10-17T16:36:46","guid":{"rendered":"http:\/\/www2.comunitaria.com.br\/?p=29413"},"modified":"2017-10-17T14:41:47","modified_gmt":"2017-10-17T16:41:47","slug":"postos-de-saude-de-fw-realizam-pesagem-dos-beneficiarios-do-bolsa-familia","status":"publish","type":"post","link":"https:\/\/www2.comunitaria.com.br\/en\/postos-de-saude-de-fw-realizam-pesagem-dos-beneficiarios-do-bolsa-familia\/","title":{"rendered":"Postos de Sa\u00fade de FW realizam pesagem dos benefici\u00e1rios do Bolsa Fam\u00edlia"},"content":{"rendered":"<p style=\"text-align: justify;\"><span style=\"font-weight: 400;\">Desde segunda-feira, 16, a Secretaria de Sa\u00fade est\u00e1 realizando a pesagem dos benefici\u00e1rios do Bolsa Fam\u00edlia. A pesagem \u00e9 uma condi\u00e7\u00e3o para que os benefici\u00e1rios do&nbsp;Bolsa Fam\u00edlia continuem a receber o aux\u00edlio. Desta forma, os postos de sa\u00fade atender\u00e3o nos seguintes hor\u00e1rios:<\/span><\/p>\n<p style=\"text-align: justify;\"><span style=\"font-weight: 400;\"><strong>16 de outubro<\/strong>&nbsp;a ESF Primavera atender\u00e1 no Bairro Panosso:&nbsp;<\/span><span style=\"font-weight: 400;\">Das 13 horas \u00e0s 16h30min<\/span><\/p>\n<p style=\"text-align: justify;\"><span style=\"font-weight: 400;\"><strong>20 de outubro<\/strong>&nbsp;a ESF Distrito Industrial atender\u00e1 na CEMACA:&nbsp;<\/span><span style=\"font-weight: 400;\">Das 8 horas \u00e0s 11h30min e das 13 horas<\/span><span style=\"font-weight: 400;\">&nbsp;\u00e0s 16h30min<\/span><\/p>\n<p style=\"text-align: justify;\"><span style=\"font-weight: 400;\"><strong>26 de outubro&nbsp;<\/strong>a ESF S\u00e3o Francisco de Paula, atender\u00e1 no bairro S\u00e3o Jos\u00e9:&nbsp;<\/span><span style=\"font-weight: 400;\">Das 8 horas \u00e0s 11h30min e d<\/span><span style=\"font-weight: 400;\">as 13 horas \u00e0s 16h30min<\/span><\/p>\n<p style=\"text-align: justify;\"><span style=\"font-weight: 400;\"><strong>30 de outubro<\/strong>&nbsp;a ESF S\u00e3o Francisco de Paula atender\u00e1 no gin\u00e1sio S\u00e3o Francisco de Paula:&nbsp;<\/span><span style=\"font-weight: 400;\">Das 8 horas \u00e0s 11h30min e d<\/span><span style=\"font-weight: 400;\">as 13 horas \u00e0s 16h30min<\/span><\/p>\n<p style=\"text-align: justify;\">&nbsp;<\/p>\n<p style=\"text-align: justify;\"><em>ASCOM Prefeitura de Frederico Westphalen<\/em><\/p>","protected":false},"excerpt":{"rendered":"<p>Desde segunda-feira, 16, a Secretaria de Sa\u00fade est\u00e1 realizando a pesagem dos benefici\u00e1rios do Bolsa Fam\u00edlia. A pesagem \u00e9 uma condi\u00e7\u00e3o para que os benefici\u00e1rios do&nbsp;Bolsa Fam\u00edlia continuem a receber&#8230;<\/p>","protected":false},"author":2,"featured_media":29428,"comment_status":"open","ping_status":"closed","sticky":false,"template":"","format":"standard","meta":{"ngg_post_thumbnail":0,"footnotes":""},"categories":[42,33,35],"tags":[533,82,3263],"class_list":["post-29413","post","type-post","status-publish","format-standard","has-post-thumbnail","hentry","category-fred-west","category-noticias","category-variedades","tag-bolsa-familia","tag-frederico-westphalen","tag-pesagem"],"amp_enabled":true,"_links":{"self":[{"href":"https:\/\/www2.comunitaria.com.br\/en\/wp-json\/wp\/v2\/posts\/29413","targetHints":{"allow":["GET"]}}],"collection":[{"href":"https:\/\/www2.comunitaria.com.br\/en\/wp-json\/wp\/v2\/posts"}],"about":[{"href":"https:\/\/www2.comunitaria.com.br\/en\/wp-json\/wp\/v2\/types\/post"}],"author":[{"embeddable":true,"href":"https:\/\/www2.comunitaria.com.br\/en\/wp-json\/wp\/v2\/users\/2"}],"replies":[{"embeddable":true,"href":"https:\/\/www2.comunitaria.com.br\/en\/wp-json\/wp\/v2\/comments?post=29413"}],"version-history":[{"count":0,"href":"https:\/\/www2.comunitaria.com.br\/en\/wp-json\/wp\/v2\/posts\/29413\/revisions"}],"wp:featuredmedia":[{"embeddable":true,"href":"https:\/\/www2.comunitaria.com.br\/en\/wp-json\/wp\/v2\/media\/29428"}],"wp:attachment":[{"href":"https:\/\/www2.comunitaria.com.br\/en\/wp-json\/wp\/v2\/media?parent=29413"}],"wp:term":[{"taxonomy":"category","embeddable":true,"href":"https:\/\/www2.comunitaria.com.br\/en\/wp-json\/wp\/v2\/categories?post=29413"},{"taxonomy":"post_tag","embeddable":true,"href":"https:\/\/www2.comunitaria.com.br\/en\/wp-json\/wp\/v2\/tags?post=29413"}],"curies":[{"name":"wp","href":"https:\/\/api.w.org\/{rel}","templated":true}]}}