{"id":2941,"date":"2015-03-13T10:32:23","date_gmt":"2015-03-13T12:32:23","guid":{"rendered":"http:\/\/www2.comunitaria.com.br\/?p=2941"},"modified":"2015-03-13T10:32:23","modified_gmt":"2015-03-13T12:32:23","slug":"mec-garante-que-todas-as-renovacoes-de-contratos-do-fies-estao-asseguradas","status":"publish","type":"post","link":"https:\/\/www2.comunitaria.com.br\/en\/mec-garante-que-todas-as-renovacoes-de-contratos-do-fies-estao-asseguradas\/","title":{"rendered":"Mec garante que todas as renova\u00e7\u00f5es de contratos do Fies est\u00e3o asseguradas"},"content":{"rendered":"<p style=\"text-align: justify;\">O Minist\u00e9rio da Educa\u00e7\u00e3o (MEC) divulgou, na tarde de hoje (12) nota para tranquilizar os estudantes que ainda n\u00e3o conseguiram renovar o contrato do Fundo de Financiamento Estudantil (Fies). Segundo a pasta, todos os que firmaram contratos at\u00e9 2014 t\u00eam assegurado o aditamento. Ao todo, foram renovados mais de 830 mil contratos de um total de 1,9 milh\u00e3o. O sistema ficar\u00e1 aberto at\u00e9 o dia 30 de abril.<\/p>\n<p style=\"text-align: justify;\">&#8220;Todos t\u00eam assegurado o aditamento de seus contratos&#8221;, destaca a nota. A pasta esclarece que, a qualquer momento em que for feito o aditamento, ele vale desde o in\u00edcio do semestre. A lentid\u00e3o no sistema, enfrentada por alunos, est\u00e1 sendo corrigida, acrescenta o MEC.<\/p>\n<p style=\"text-align: justify;\">O MEC informa ainda que, al\u00e9m das renova\u00e7\u00f5es, h\u00e1 vagas para novos contratos, mas n\u00e3o menciona quantas.<\/p>\n<p style=\"text-align: justify;\">Em nota anterior, a pasta ressalta que usa crit\u00e9rios de qualidade, distribui\u00e7\u00e3o regional e disponibilidade de recursos para liberar os financiamentos, e que os cursos com nota 5 (avalia\u00e7\u00e3o m\u00e1xima) ser\u00e3o todos oferecidos. Nos que t\u00eam notas 3 e 4, s\u00e3o considerados aspectos regionais como, por exemplo, localidades que historicamente receberam menos financiamentos.<\/p>\n<p style=\"text-align: justify;\">O Fies oferece corbertura da mensalidade de cursos em institui\u00e7\u00f5es privadas de ensino superior a juros de 3,4% ao ano. O estudante come\u00e7a a quitar ap\u00f3s 18 meses da conclus\u00e3o do curso. Desde 2010, o Fies acumula 1,9 milh\u00e3o de contratos e abrange mais de 1,6 mil institui\u00e7\u00f5es.<\/p>","protected":false},"excerpt":{"rendered":"<p>O Minist\u00e9rio da Educa\u00e7\u00e3o (MEC) divulgou, na tarde de hoje (12) nota para tranquilizar os estudantes que ainda n\u00e3o conseguiram renovar o contrato do Fundo de Financiamento Estudantil (Fies). Segundo&#8230;<\/p>","protected":false},"author":2,"featured_media":2942,"comment_status":"open","ping_status":"closed","sticky":false,"template":"","format":"standard","meta":{"ngg_post_thumbnail":0,"footnotes":""},"categories":[47,44,33],"tags":[414,644],"class_list":["post-2941","post","type-post","status-publish","format-standard","has-post-thumbnail","hentry","category-brasil","category-educacao","category-noticias","tag-fies","tag-mec"],"amp_enabled":true,"_links":{"self":[{"href":"https:\/\/www2.comunitaria.com.br\/en\/wp-json\/wp\/v2\/posts\/2941","targetHints":{"allow":["GET"]}}],"collection":[{"href":"https:\/\/www2.comunitaria.com.br\/en\/wp-json\/wp\/v2\/posts"}],"about":[{"href":"https:\/\/www2.comunitaria.com.br\/en\/wp-json\/wp\/v2\/types\/post"}],"author":[{"embeddable":true,"href":"https:\/\/www2.comunitaria.com.br\/en\/wp-json\/wp\/v2\/users\/2"}],"replies":[{"embeddable":true,"href":"https:\/\/www2.comunitaria.com.br\/en\/wp-json\/wp\/v2\/comments?post=2941"}],"version-history":[{"count":0,"href":"https:\/\/www2.comunitaria.com.br\/en\/wp-json\/wp\/v2\/posts\/2941\/revisions"}],"wp:featuredmedia":[{"embeddable":true,"href":"https:\/\/www2.comunitaria.com.br\/en\/wp-json\/wp\/v2\/media\/2942"}],"wp:attachment":[{"href":"https:\/\/www2.comunitaria.com.br\/en\/wp-json\/wp\/v2\/media?parent=2941"}],"wp:term":[{"taxonomy":"category","embeddable":true,"href":"https:\/\/www2.comunitaria.com.br\/en\/wp-json\/wp\/v2\/categories?post=2941"},{"taxonomy":"post_tag","embeddable":true,"href":"https:\/\/www2.comunitaria.com.br\/en\/wp-json\/wp\/v2\/tags?post=2941"}],"curies":[{"name":"wp","href":"https:\/\/api.w.org\/{rel}","templated":true}]}}