{"id":29291,"date":"2017-10-06T17:44:56","date_gmt":"2017-10-06T19:44:56","guid":{"rendered":"http:\/\/www2.comunitaria.com.br\/?p=29291"},"modified":"2017-10-06T17:45:35","modified_gmt":"2017-10-06T19:45:35","slug":"municipalito-de-futsal-ja-tem-data-para-inicio","status":"publish","type":"post","link":"https:\/\/www2.comunitaria.com.br\/en\/municipalito-de-futsal-ja-tem-data-para-inicio\/","title":{"rendered":"Municipalito de Futsal j\u00e1 tem data para in\u00edcio"},"content":{"rendered":"<p style=\"text-align: justify;\">Mais uma competi\u00e7\u00e3o de futsal promete agitar o munic\u00edpio de Frederico Westphalen. No pr\u00f3ximo dia 28, ser\u00e1 dado o pontap\u00e9 inicial no Municipalito de Futsal, no gin\u00e1sio Ivanildo Gazzoni, a sede do Ipiranga FC.<\/p>\n<p style=\"text-align: justify;\">Neste ano a competi\u00e7\u00e3o ser\u00e1 disputada em nove categorias: Recrea\u00e7\u00e3o (crian\u00e7as nascidas ap\u00f3s 2010); sub-7; sub-9; sub-11; sub-13; sub-15; sub-17; sub-19; e feminino &#8211; que tamb\u00e9m ser\u00e1 disputado at\u00e9 sub-19. A categoria feminina s\u00f3 ser\u00e1 disputada caso houver mais de quatro equipes inscritas.<\/p>\n<p style=\"text-align: justify;\">As partidas ser\u00e3o disputadas apenas no gin\u00e1sio do Ipiranga e ser\u00e3o realizados apenas aos s\u00e1bados, nos turnos da manh\u00e3 e tarde.&nbsp;<\/p>\n<p style=\"text-align: justify;\"><em>Ascom &#8211; Prefeitura Frederico Westphalen<\/em><\/p>\n<p style=\"text-align: justify;\"><strong>&nbsp;<\/strong><\/p>","protected":false},"excerpt":{"rendered":"<p>Mais uma competi\u00e7\u00e3o de futsal promete agitar o munic\u00edpio de Frederico Westphalen. No pr\u00f3ximo dia 28, ser\u00e1 dado o pontap\u00e9 inicial no Municipalito de Futsal, no gin\u00e1sio Ivanildo Gazzoni, a sede do Ipiranga FC. Neste ano a competi\u00e7\u00e3o ser\u00e1 disputada em nove categorias: Recrea\u00e7\u00e3o (crian\u00e7as nascidas ap\u00f3s 2010); sub-7; sub-9; sub-11; sub-13; sub-15; sub-17; sub-19;<\/p>\n<div class=\"read-more-wrapper\"><a class=\"read-more\" href=\"https:\/\/www2.comunitaria.com.br\/en\/municipalito-de-futsal-ja-tem-data-para-inicio\/\" title=\"Read More\"> <span class=\"button\">Read More<\/span><\/a><\/div>","protected":false},"author":2,"featured_media":29292,"comment_status":"open","ping_status":"closed","sticky":false,"template":"","format":"standard","meta":{"ngg_post_thumbnail":0,"footnotes":""},"categories":[42,33,35],"tags":[],"class_list":["post-29291","post","type-post","status-publish","format-standard","has-post-thumbnail","hentry","category-fred-west","category-noticias","category-variedades"],"amp_enabled":true,"_links":{"self":[{"href":"https:\/\/www2.comunitaria.com.br\/en\/wp-json\/wp\/v2\/posts\/29291","targetHints":{"allow":["GET"]}}],"collection":[{"href":"https:\/\/www2.comunitaria.com.br\/en\/wp-json\/wp\/v2\/posts"}],"about":[{"href":"https:\/\/www2.comunitaria.com.br\/en\/wp-json\/wp\/v2\/types\/post"}],"author":[{"embeddable":true,"href":"https:\/\/www2.comunitaria.com.br\/en\/wp-json\/wp\/v2\/users\/2"}],"replies":[{"embeddable":true,"href":"https:\/\/www2.comunitaria.com.br\/en\/wp-json\/wp\/v2\/comments?post=29291"}],"version-history":[{"count":0,"href":"https:\/\/www2.comunitaria.com.br\/en\/wp-json\/wp\/v2\/posts\/29291\/revisions"}],"wp:featuredmedia":[{"embeddable":true,"href":"https:\/\/www2.comunitaria.com.br\/en\/wp-json\/wp\/v2\/media\/29292"}],"wp:attachment":[{"href":"https:\/\/www2.comunitaria.com.br\/en\/wp-json\/wp\/v2\/media?parent=29291"}],"wp:term":[{"taxonomy":"category","embeddable":true,"href":"https:\/\/www2.comunitaria.com.br\/en\/wp-json\/wp\/v2\/categories?post=29291"},{"taxonomy":"post_tag","embeddable":true,"href":"https:\/\/www2.comunitaria.com.br\/en\/wp-json\/wp\/v2\/tags?post=29291"}],"curies":[{"name":"wp","href":"https:\/\/api.w.org\/{rel}","templated":true}]}}