{"id":29174,"date":"2017-10-09T15:30:04","date_gmt":"2017-10-09T17:30:04","guid":{"rendered":"http:\/\/www2.comunitaria.com.br\/?p=29174"},"modified":"2017-10-09T16:53:08","modified_gmt":"2017-10-09T18:53:08","slug":"unidade-de-saude-do-bairro-santo-antonio-tera-programacao-sobre-outubro-rosa","status":"publish","type":"post","link":"https:\/\/www2.comunitaria.com.br\/en\/unidade-de-saude-do-bairro-santo-antonio-tera-programacao-sobre-outubro-rosa\/","title":{"rendered":"Unidade de Sa\u00fade do bairro Santo Ant\u00f4nio ter\u00e1 programa\u00e7\u00e3o sobre Outubro Rosa"},"content":{"rendered":"<p style=\"text-align: justify;\">Os preparativos para o Outubro Rosa aos poucos j\u00e1 est\u00e3o sendo definidos. A Unidade B\u00e1sica de Sa\u00fade do bairro Santo Ant\u00f4nio de Frederico Westphalen promover\u00e1 no dia 10 de outubro, \u00e0s 19h, na capela da comunidade, uma palestra que tem como intuito refor\u00e7ar ainda mais a import\u00e2ncia da preven\u00e7\u00e3o contra c\u00e2ncer de mama e no colo do \u00fatero. O m\u00e9dico Paulo Savaris ser\u00e1 respons\u00e1vel por conversar e informar os moradores do bairro sobre o outubro rosa.<\/p>\n<p style=\"text-align: justify;\">Neste m\u00eas, a unidade de sa\u00fade do bairro Santo Ant\u00f4nio tamb\u00e9m realizar\u00e1 a coleta de preventivo todas as quartas-feiras, durante todo o dia. A equipe do posto de sa\u00fade solicita que as pessoas liguem com anteced\u00eancia ou compare\u00e7am na unidade para realizar o agendamento de hor\u00e1rio. Por ser um m\u00eas especial, a unidade do bairro tamb\u00e9m realizar\u00e1 atendimento em hor\u00e1rio estendido no dia 17 de outubro, das 17h \u00e0s 21h.&nbsp;<\/p>\n<p style=\"text-align: justify;\"><em>ASCOM &#8211; Prefeitura Frederico Westphalen<\/em><\/p>","protected":false},"excerpt":{"rendered":"<p>Os preparativos para o Outubro Rosa aos poucos j\u00e1 est\u00e3o sendo definidos. A Unidade B\u00e1sica de Sa\u00fade do bairro Santo Ant\u00f4nio de Frederico Westphalen promover\u00e1 no dia 10 de outubro, \u00e0s 19h, na capela da comunidade, uma palestra que tem como intuito refor\u00e7ar ainda mais a import\u00e2ncia da preven\u00e7\u00e3o contra c\u00e2ncer de mama e no<\/p>\n<div class=\"read-more-wrapper\"><a class=\"read-more\" href=\"https:\/\/www2.comunitaria.com.br\/en\/unidade-de-saude-do-bairro-santo-antonio-tera-programacao-sobre-outubro-rosa\/\" title=\"Read More\"> <span class=\"button\">Read More<\/span><\/a><\/div>","protected":false},"author":2,"featured_media":29176,"comment_status":"open","ping_status":"closed","sticky":false,"template":"","format":"standard","meta":{"ngg_post_thumbnail":0,"footnotes":""},"categories":[42,33,37,35],"tags":[1523,1015,82,1672,3707,175],"class_list":["post-29174","post","type-post","status-publish","format-standard","has-post-thumbnail","hentry","category-fred-west","category-noticias","category-saude","category-variedades","tag-acao","tag-encontro","tag-frederico-westphalen","tag-outubro-rosa","tag-santo-antonio","tag-saude-2"],"amp_enabled":true,"_links":{"self":[{"href":"https:\/\/www2.comunitaria.com.br\/en\/wp-json\/wp\/v2\/posts\/29174","targetHints":{"allow":["GET"]}}],"collection":[{"href":"https:\/\/www2.comunitaria.com.br\/en\/wp-json\/wp\/v2\/posts"}],"about":[{"href":"https:\/\/www2.comunitaria.com.br\/en\/wp-json\/wp\/v2\/types\/post"}],"author":[{"embeddable":true,"href":"https:\/\/www2.comunitaria.com.br\/en\/wp-json\/wp\/v2\/users\/2"}],"replies":[{"embeddable":true,"href":"https:\/\/www2.comunitaria.com.br\/en\/wp-json\/wp\/v2\/comments?post=29174"}],"version-history":[{"count":0,"href":"https:\/\/www2.comunitaria.com.br\/en\/wp-json\/wp\/v2\/posts\/29174\/revisions"}],"wp:featuredmedia":[{"embeddable":true,"href":"https:\/\/www2.comunitaria.com.br\/en\/wp-json\/wp\/v2\/media\/29176"}],"wp:attachment":[{"href":"https:\/\/www2.comunitaria.com.br\/en\/wp-json\/wp\/v2\/media?parent=29174"}],"wp:term":[{"taxonomy":"category","embeddable":true,"href":"https:\/\/www2.comunitaria.com.br\/en\/wp-json\/wp\/v2\/categories?post=29174"},{"taxonomy":"post_tag","embeddable":true,"href":"https:\/\/www2.comunitaria.com.br\/en\/wp-json\/wp\/v2\/tags?post=29174"}],"curies":[{"name":"wp","href":"https:\/\/api.w.org\/{rel}","templated":true}]}}