{"id":29095,"date":"2017-09-26T10:58:16","date_gmt":"2017-09-26T12:58:16","guid":{"rendered":"http:\/\/www2.comunitaria.com.br\/?p=29095"},"modified":"2017-09-26T10:59:37","modified_gmt":"2017-09-26T12:59:37","slug":"jovem-morre-apos-colisao-na-ers-323-em-pinhal","status":"publish","type":"post","link":"https:\/\/www2.comunitaria.com.br\/en\/jovem-morre-apos-colisao-na-ers-323-em-pinhal\/","title":{"rendered":"Jovem morre ap\u00f3s colis\u00e3o na ERS-323 em Pinhal"},"content":{"rendered":"<p style=\"text-align: justify;\">No fim da tarde desta segunda-feira, 25, uma colis\u00e3o envolvendo uma motocicleta Biz e uma Caminhonete resultou na morte de Catiane Borth Palaoro, de 26 anos. O acidente foi registrado por volta das 17h30 no km 8 da ERS-323, em Pinhal.&nbsp;Segundo informa\u00e7\u00f5es de populares, a v\u00edtima teria tentado desviar de uma cobra que estaria sobre a rodovia. O Samu atendeu a ocorr\u00eancia, por\u00e9m ao chegar no local, Catiane j\u00e1 estava sem vida. A Pol\u00edcia Civil e a Pol\u00edcia Rodovi\u00e1ria Estadual de Palmeira das Miss\u00f5es tamb\u00e9m atenderam o acidente.&nbsp;<\/p>\n<p style=\"text-align: justify;\"><em>Foto: InfocoRS<\/em><\/p>","protected":false},"excerpt":{"rendered":"<p>No fim da tarde desta segunda-feira, 25, uma colis\u00e3o envolvendo uma motocicleta Biz e uma Caminhonete resultou na morte de Catiane Borth Palaoro, de 26 anos. O acidente foi registrado por volta das 17h30 no km 8 da ERS-323, em Pinhal.&nbsp;Segundo informa\u00e7\u00f5es de populares, a v\u00edtima teria tentado desviar de uma cobra que estaria sobre<\/p>\n<div class=\"read-more-wrapper\"><a class=\"read-more\" href=\"https:\/\/www2.comunitaria.com.br\/en\/jovem-morre-apos-colisao-na-ers-323-em-pinhal\/\" title=\"Read More\"> <span class=\"button\">Read More<\/span><\/a><\/div>","protected":false},"author":2,"featured_media":29097,"comment_status":"open","ping_status":"closed","sticky":false,"template":"","format":"standard","meta":{"ngg_post_thumbnail":0,"footnotes":""},"categories":[33,36,43,3598],"tags":[96,97,1502,177,86,426],"class_list":["post-29095","post","type-post","status-publish","format-standard","has-post-thumbnail","hentry","category-noticias","category-policia","category-regiao","category-transito","tag-acidente","tag-morte","tag-pinhal","tag-policia-2","tag-regiao-2","tag-transito"],"amp_enabled":true,"_links":{"self":[{"href":"https:\/\/www2.comunitaria.com.br\/en\/wp-json\/wp\/v2\/posts\/29095","targetHints":{"allow":["GET"]}}],"collection":[{"href":"https:\/\/www2.comunitaria.com.br\/en\/wp-json\/wp\/v2\/posts"}],"about":[{"href":"https:\/\/www2.comunitaria.com.br\/en\/wp-json\/wp\/v2\/types\/post"}],"author":[{"embeddable":true,"href":"https:\/\/www2.comunitaria.com.br\/en\/wp-json\/wp\/v2\/users\/2"}],"replies":[{"embeddable":true,"href":"https:\/\/www2.comunitaria.com.br\/en\/wp-json\/wp\/v2\/comments?post=29095"}],"version-history":[{"count":0,"href":"https:\/\/www2.comunitaria.com.br\/en\/wp-json\/wp\/v2\/posts\/29095\/revisions"}],"wp:featuredmedia":[{"embeddable":true,"href":"https:\/\/www2.comunitaria.com.br\/en\/wp-json\/wp\/v2\/media\/29097"}],"wp:attachment":[{"href":"https:\/\/www2.comunitaria.com.br\/en\/wp-json\/wp\/v2\/media?parent=29095"}],"wp:term":[{"taxonomy":"category","embeddable":true,"href":"https:\/\/www2.comunitaria.com.br\/en\/wp-json\/wp\/v2\/categories?post=29095"},{"taxonomy":"post_tag","embeddable":true,"href":"https:\/\/www2.comunitaria.com.br\/en\/wp-json\/wp\/v2\/tags?post=29095"}],"curies":[{"name":"wp","href":"https:\/\/api.w.org\/{rel}","templated":true}]}}