{"id":2897,"date":"2015-03-09T16:41:30","date_gmt":"2015-03-09T18:41:30","guid":{"rendered":"http:\/\/www2.comunitaria.com.br\/?p=2897"},"modified":"2015-03-09T16:41:30","modified_gmt":"2015-03-09T18:41:30","slug":"reinaugurado-ginasio-do-bairro-sao-francisco-de-paula","status":"publish","type":"post","link":"https:\/\/www2.comunitaria.com.br\/en\/reinaugurado-ginasio-do-bairro-sao-francisco-de-paula\/","title":{"rendered":"Reinaugurado gin\u00e1sio do Bairro S\u00e3o Francisco de Paula"},"content":{"rendered":"<p style=\"text-align: justify;\">Ocorreu na tarde de ontem, 08 de mar\u00e7o, a reinaugura\u00e7\u00e3o do gin\u00e1sio do Bairro S\u00e3o Francisco de Paula, em Frederico Westphalen. A reforma inclui cobertura do gin\u00e1sio (estrutura e telhas), substitui\u00e7\u00e3o das telhas de fibrocimento por telhas aluzinc, revestimento da copa, cozinha e banheiros, constru\u00e7\u00e3o de um banheiro acess\u00edvel e reboco e pintura do ambiente interno e externo.<br \/>\nDe acordo com o prefeito municipal do munic\u00edpio, Roberto Felin Junior, \u201cagora o Bairro S\u00e3o Francisco de Paula tem um ambiente em condi\u00e7\u00f5es de uso. E est\u00e1 \u00e9 apenas umas das obras que est\u00e3o sendo realizadas na comunidade, h\u00e1 m\u00e1quinas trabalhando no asfaltamento, temos a EMEI M\u00e3e de Deus para reinaugurar e isso s\u00f3 \u00e9 poss\u00edvel devido a confian\u00e7a depositada na administra\u00e7\u00e3o municipal\u201d.<\/p>\n<p><a href=\"http:\/\/www.fredericowestphalen-rs.com.br\/wp-content\/uploads\/2015\/03\/DSC_0627-editada.jpg\" data-slb-group=\"21444\" data-slb-active=\"1\" data-slb-internal=\"0\"><img loading=\"lazy\" decoding=\"async\" class=\"size-thumbnail wp-image-21446\" src=\"http:\/\/www.fredericowestphalen-rs.com.br\/wp-content\/uploads\/2015\/03\/DSC_0627-editada-200x150.jpg\" alt=\"Entrega simb\u00f3lica da chave\" width=\"200\" height=\"150\" \/><\/a><\/p>\n<p style=\"text-align: justify;\">A obra ficou respons\u00e1vel pela vencedora da licita\u00e7\u00e3o, Construtor Santa Vit\u00f3ria. A reforma e amplia\u00e7\u00e3o de quadras poliesportivas \u00e9 o resultado de uma emenda parlamentar do ex-deputado federal Vilson Covatti. A localidade recebeu R$ 171mil para reforma do gin\u00e1sio, sendo R$ 155 mil do Minist\u00e9rio do Esporte e aproximadamente R$ 16 mil de contrapartida do Munic\u00edpio.<\/p>\n<p style=\"text-align: justify;\">","protected":false},"excerpt":{"rendered":"<p>Ocorreu na tarde de ontem, 08 de mar\u00e7o, a reinaugura\u00e7\u00e3o do gin\u00e1sio do Bairro S\u00e3o Francisco de Paula, em Frederico Westphalen. A reforma inclui cobertura do gin\u00e1sio (estrutura e telhas), substitui\u00e7\u00e3o das telhas de fibrocimento por telhas aluzinc, revestimento da copa, cozinha e banheiros, constru\u00e7\u00e3o de um banheiro acess\u00edvel e reboco e pintura do ambiente<\/p>\n<div class=\"read-more-wrapper\"><a class=\"read-more\" href=\"https:\/\/www2.comunitaria.com.br\/en\/reinaugurado-ginasio-do-bairro-sao-francisco-de-paula\/\" title=\"Read More\"> <span class=\"button\">Read More<\/span><\/a><\/div>","protected":false},"author":2,"featured_media":2898,"comment_status":"open","ping_status":"closed","sticky":false,"template":"","format":"standard","meta":{"ngg_post_thumbnail":0,"footnotes":""},"categories":[42,33],"tags":[790,82],"class_list":["post-2897","post","type-post","status-publish","format-standard","has-post-thumbnail","hentry","category-fred-west","category-noticias","tag-bairro-sfp","tag-frederico-westphalen"],"amp_enabled":true,"_links":{"self":[{"href":"https:\/\/www2.comunitaria.com.br\/en\/wp-json\/wp\/v2\/posts\/2897","targetHints":{"allow":["GET"]}}],"collection":[{"href":"https:\/\/www2.comunitaria.com.br\/en\/wp-json\/wp\/v2\/posts"}],"about":[{"href":"https:\/\/www2.comunitaria.com.br\/en\/wp-json\/wp\/v2\/types\/post"}],"author":[{"embeddable":true,"href":"https:\/\/www2.comunitaria.com.br\/en\/wp-json\/wp\/v2\/users\/2"}],"replies":[{"embeddable":true,"href":"https:\/\/www2.comunitaria.com.br\/en\/wp-json\/wp\/v2\/comments?post=2897"}],"version-history":[{"count":0,"href":"https:\/\/www2.comunitaria.com.br\/en\/wp-json\/wp\/v2\/posts\/2897\/revisions"}],"wp:featuredmedia":[{"embeddable":true,"href":"https:\/\/www2.comunitaria.com.br\/en\/wp-json\/wp\/v2\/media\/2898"}],"wp:attachment":[{"href":"https:\/\/www2.comunitaria.com.br\/en\/wp-json\/wp\/v2\/media?parent=2897"}],"wp:term":[{"taxonomy":"category","embeddable":true,"href":"https:\/\/www2.comunitaria.com.br\/en\/wp-json\/wp\/v2\/categories?post=2897"},{"taxonomy":"post_tag","embeddable":true,"href":"https:\/\/www2.comunitaria.com.br\/en\/wp-json\/wp\/v2\/tags?post=2897"}],"curies":[{"name":"wp","href":"https:\/\/api.w.org\/{rel}","templated":true}]}}