{"id":28784,"date":"2017-09-17T16:44:23","date_gmt":"2017-09-17T18:44:23","guid":{"rendered":"http:\/\/www2.comunitaria.com.br\/?p=28784"},"modified":"2017-09-17T20:44:22","modified_gmt":"2017-09-17T22:44:22","slug":"definidos-os-classificados-para-a-final-do-canto-do-barril","status":"publish","type":"post","link":"https:\/\/www2.comunitaria.com.br\/en\/definidos-os-classificados-para-a-final-do-canto-do-barril\/","title":{"rendered":"Definidos os classificados para a final do Canto do Barril"},"content":{"rendered":"<p style=\"text-align: justify;\">O 5\u00ba Canto do Barril teve sua fase classificat\u00f3ria na noite deste s\u00e1bado, 16, e reuniu, no total 39 int\u00e9rpretes no palco do 39\u00ba Acampamento Farrapo de Frederico Westphalen. Vindos de cidades de toda regi\u00e3o, a categoria A e B teve, ao final, cinco classificados para a grande final, j\u00e1 a categoria C teve quatro selecionados.<\/p>\n<p style=\"text-align: justify;\">A decis\u00e3o do festival acontece na ter\u00e7a-feira, dia 19 de setembro. O evento deve iniciar \u00e0s 20h e contar\u00e1 com a transmiss\u00e3o ao vivo da R\u00e1dio Comunit\u00e1ria por meio da frequ\u00eancia 87.9 FM ou <a href=\"http:\/\/player.comunitaria.com.br\/popup\/\" target=\"_blank\" rel=\"noopener noreferrer\">player online do site.&nbsp;<\/a>&nbsp;Confira os classificados:&nbsp;<\/p>\n<p class=\"rvfs-4\" data-rvfs=\"4\"><strong>Modalidade A &#8211; at\u00e9 14 anos:&nbsp;<br \/>\n<\/strong>Laura Hann Sehu<br \/>\nJulia do Amaral Antonini&nbsp;<br \/>\nIsadora Fernandes Salaberry<br \/>\nBianca Berton Lago<br \/>\nPatr\u00edcia Silva Fernandes&nbsp;<\/p>\n<p class=\"rvfs-4\" data-rvfs=\"4\"><strong>Modalidade B &#8211; acima de 14 anos:<br \/>\n<\/strong>Cristiano Sonntag<br \/>\nJ\u00f4natas Luersen<br \/>\nMarcos Vinicius Pinto<br \/>\nCaroline de Oliveira Barbosa<br \/>\nSchaiane Bueno de Oliveira<\/p>\n<p class=\"rvfs-4\" data-rvfs=\"4\"><strong>Modalidade C &#8211; dupla ou mais:&nbsp;<br \/>\n<\/strong>Erlon e Marcos Pinto<br \/>\nVolnei Carlos e Vinicius&nbsp;<br \/>\nBruno e Leandro<br \/>\nMicael e Isadora<\/p>\n\n\t\t<style type=\"text\/css\">\n\t\t\t#gallery-1 {\n\t\t\t\tmargin: auto;\n\t\t\t}\n\t\t\t#gallery-1 .gallery-item {\n\t\t\t\tfloat: left;\n\t\t\t\tmargin-top: 10px;\n\t\t\t\ttext-align: center;\n\t\t\t\twidth: 33%;\n\t\t\t}\n\t\t\t#gallery-1 img {\n\t\t\t\tborder: 2px solid #cfcfcf;\n\t\t\t}\n\t\t\t#gallery-1 .gallery-caption {\n\t\t\t\tmargin-left: 0;\n\t\t\t}\n\t\t\t\/* see gallery_shortcode() in wp-includes\/media.php *\/\n\t\t<\/style>\n\t\t<div id='gallery-1' class='gallery galleryid-28784 gallery-columns-3 gallery-size-thumbnail'><dl class='gallery-item'>\n\t\t\t<dt class='gallery-icon landscape'>\n\t\t\t\t<a href='https:\/\/www2.comunitaria.com.br\/en\/definidos-os-classificados-para-a-final-do-canto-do-barril\/_dsc0235\/'><img loading=\"lazy\" decoding=\"async\" width=\"150\" height=\"150\" src=\"https:\/\/www2.comunitaria.com.br\/wp-content\/uploads\/2017\/09\/DSC0235-150x150.jpg\" class=\"attachment-thumbnail size-thumbnail\" alt=\"\" aria-describedby=\"gallery-1-28786\" srcset=\"https:\/\/www2.comunitaria.com.br\/wp-content\/uploads\/2017\/09\/DSC0235-150x150.jpg 150w, https:\/\/www2.comunitaria.com.br\/wp-content\/uploads\/2017\/09\/DSC0235-65x65.jpg 65w\" sizes=\"auto, (max-width: 150px) 100vw, 150px\" \/><\/a>\n\t\t\t<\/dt>\n\t\t\t\t<dd class='wp-caption-text gallery-caption' id='gallery-1-28786'>\n\t\t\t\tFoto: Rodrigo D&#8217;Avila \n\t\t\t\t<\/dd><\/dl><dl class='gallery-item'>\n\t\t\t<dt class='gallery-icon landscape'>\n\t\t\t\t<a href='https:\/\/www2.comunitaria.com.br\/en\/definidos-os-classificados-para-a-final-do-canto-do-barril\/_dsc0244\/'><img loading=\"lazy\" decoding=\"async\" width=\"150\" height=\"150\" src=\"https:\/\/www2.comunitaria.com.br\/wp-content\/uploads\/2017\/09\/DSC0244-150x150.jpg\" class=\"attachment-thumbnail size-thumbnail\" alt=\"\" aria-describedby=\"gallery-1-28787\" srcset=\"https:\/\/www2.comunitaria.com.br\/wp-content\/uploads\/2017\/09\/DSC0244-150x150.jpg 150w, https:\/\/www2.comunitaria.com.br\/wp-content\/uploads\/2017\/09\/DSC0244-65x65.jpg 65w\" sizes=\"auto, (max-width: 150px) 100vw, 150px\" \/><\/a>\n\t\t\t<\/dt>\n\t\t\t\t<dd class='wp-caption-text gallery-caption' id='gallery-1-28787'>\n\t\t\t\tFoto: Rodrigo D&#8217;Avila \n\t\t\t\t<\/dd><\/dl><dl class='gallery-item'>\n\t\t\t<dt class='gallery-icon landscape'>\n\t\t\t\t<a href='https:\/\/www2.comunitaria.com.br\/en\/definidos-os-classificados-para-a-final-do-canto-do-barril\/_dsc0260\/'><img loading=\"lazy\" decoding=\"async\" width=\"150\" height=\"150\" src=\"https:\/\/www2.comunitaria.com.br\/wp-content\/uploads\/2017\/09\/DSC0260-150x150.jpg\" class=\"attachment-thumbnail size-thumbnail\" alt=\"\" aria-describedby=\"gallery-1-28788\" srcset=\"https:\/\/www2.comunitaria.com.br\/wp-content\/uploads\/2017\/09\/DSC0260-150x150.jpg 150w, https:\/\/www2.comunitaria.com.br\/wp-content\/uploads\/2017\/09\/DSC0260-65x65.jpg 65w\" sizes=\"auto, (max-width: 150px) 100vw, 150px\" \/><\/a>\n\t\t\t<\/dt>\n\t\t\t\t<dd class='wp-caption-text gallery-caption' id='gallery-1-28788'>\n\t\t\t\tFoto: Rodrigo D&#8217;Avila \n\t\t\t\t<\/dd><\/dl><br style=\"clear: both\" \/><dl class='gallery-item'>\n\t\t\t<dt class='gallery-icon landscape'>\n\t\t\t\t<a href='https:\/\/www2.comunitaria.com.br\/en\/definidos-os-classificados-para-a-final-do-canto-do-barril\/_dsc0267-2\/'><img loading=\"lazy\" decoding=\"async\" width=\"150\" height=\"150\" src=\"https:\/\/www2.comunitaria.com.br\/wp-content\/uploads\/2017\/09\/DSC0267-150x150.jpg\" class=\"attachment-thumbnail size-thumbnail\" alt=\"\" aria-describedby=\"gallery-1-28789\" srcset=\"https:\/\/www2.comunitaria.com.br\/wp-content\/uploads\/2017\/09\/DSC0267-150x150.jpg 150w, https:\/\/www2.comunitaria.com.br\/wp-content\/uploads\/2017\/09\/DSC0267-65x65.jpg 65w\" sizes=\"auto, (max-width: 150px) 100vw, 150px\" \/><\/a>\n\t\t\t<\/dt>\n\t\t\t\t<dd class='wp-caption-text gallery-caption' id='gallery-1-28789'>\n\t\t\t\tFoto: Rodrigo D&#8217;Avila \n\t\t\t\t<\/dd><\/dl><dl class='gallery-item'>\n\t\t\t<dt class='gallery-icon landscape'>\n\t\t\t\t<a href='https:\/\/www2.comunitaria.com.br\/en\/definidos-os-classificados-para-a-final-do-canto-do-barril\/_dsc0277\/'><img loading=\"lazy\" decoding=\"async\" width=\"150\" height=\"150\" src=\"https:\/\/www2.comunitaria.com.br\/wp-content\/uploads\/2017\/09\/DSC0277-150x150.jpg\" class=\"attachment-thumbnail size-thumbnail\" alt=\"\" aria-describedby=\"gallery-1-28790\" srcset=\"https:\/\/www2.comunitaria.com.br\/wp-content\/uploads\/2017\/09\/DSC0277-150x150.jpg 150w, https:\/\/www2.comunitaria.com.br\/wp-content\/uploads\/2017\/09\/DSC0277-65x65.jpg 65w\" sizes=\"auto, (max-width: 150px) 100vw, 150px\" \/><\/a>\n\t\t\t<\/dt>\n\t\t\t\t<dd class='wp-caption-text gallery-caption' id='gallery-1-28790'>\n\t\t\t\tFoto: Rodrigo D&#8217;Avila \n\t\t\t\t<\/dd><\/dl><dl class='gallery-item'>\n\t\t\t<dt class='gallery-icon landscape'>\n\t\t\t\t<a href='https:\/\/www2.comunitaria.com.br\/en\/definidos-os-classificados-para-a-final-do-canto-do-barril\/_dsc0284\/'><img loading=\"lazy\" decoding=\"async\" width=\"150\" height=\"150\" src=\"https:\/\/www2.comunitaria.com.br\/wp-content\/uploads\/2017\/09\/DSC0284-150x150.jpg\" class=\"attachment-thumbnail size-thumbnail\" alt=\"\" aria-describedby=\"gallery-1-28791\" srcset=\"https:\/\/www2.comunitaria.com.br\/wp-content\/uploads\/2017\/09\/DSC0284-150x150.jpg 150w, https:\/\/www2.comunitaria.com.br\/wp-content\/uploads\/2017\/09\/DSC0284-65x65.jpg 65w\" sizes=\"auto, (max-width: 150px) 100vw, 150px\" \/><\/a>\n\t\t\t<\/dt>\n\t\t\t\t<dd class='wp-caption-text gallery-caption' id='gallery-1-28791'>\n\t\t\t\tFoto: Rodrigo D&#8217;Avila \n\t\t\t\t<\/dd><\/dl><br style=\"clear: both\" \/><dl class='gallery-item'>\n\t\t\t<dt class='gallery-icon landscape'>\n\t\t\t\t<a href='https:\/\/www2.comunitaria.com.br\/en\/definidos-os-classificados-para-a-final-do-canto-do-barril\/_dsc0292-3\/'><img loading=\"lazy\" decoding=\"async\" width=\"150\" height=\"150\" src=\"https:\/\/www2.comunitaria.com.br\/wp-content\/uploads\/2017\/09\/DSC0292-150x150.jpg\" class=\"attachment-thumbnail size-thumbnail\" alt=\"\" aria-describedby=\"gallery-1-28792\" srcset=\"https:\/\/www2.comunitaria.com.br\/wp-content\/uploads\/2017\/09\/DSC0292-150x150.jpg 150w, https:\/\/www2.comunitaria.com.br\/wp-content\/uploads\/2017\/09\/DSC0292-65x65.jpg 65w\" sizes=\"auto, (max-width: 150px) 100vw, 150px\" \/><\/a>\n\t\t\t<\/dt>\n\t\t\t\t<dd class='wp-caption-text gallery-caption' id='gallery-1-28792'>\n\t\t\t\tFoto: Rodrigo D&#8217;Avila \n\t\t\t\t<\/dd><\/dl><dl class='gallery-item'>\n\t\t\t<dt class='gallery-icon landscape'>\n\t\t\t\t<a href='https:\/\/www2.comunitaria.com.br\/en\/definidos-os-classificados-para-a-final-do-canto-do-barril\/_dsc0295-3\/'><img loading=\"lazy\" decoding=\"async\" width=\"150\" height=\"150\" src=\"https:\/\/www2.comunitaria.com.br\/wp-content\/uploads\/2017\/09\/DSC0295-150x150.jpg\" class=\"attachment-thumbnail size-thumbnail\" alt=\"\" aria-describedby=\"gallery-1-28793\" srcset=\"https:\/\/www2.comunitaria.com.br\/wp-content\/uploads\/2017\/09\/DSC0295-150x150.jpg 150w, https:\/\/www2.comunitaria.com.br\/wp-content\/uploads\/2017\/09\/DSC0295-65x65.jpg 65w\" sizes=\"auto, (max-width: 150px) 100vw, 150px\" \/><\/a>\n\t\t\t<\/dt>\n\t\t\t\t<dd class='wp-caption-text gallery-caption' id='gallery-1-28793'>\n\t\t\t\tFoto: Rodrigo D&#8217;Avila \n\t\t\t\t<\/dd><\/dl><dl class='gallery-item'>\n\t\t\t<dt class='gallery-icon landscape'>\n\t\t\t\t<a href='https:\/\/www2.comunitaria.com.br\/en\/definidos-os-classificados-para-a-final-do-canto-do-barril\/img_7894\/'><img loading=\"lazy\" decoding=\"async\" width=\"150\" height=\"150\" src=\"https:\/\/www2.comunitaria.com.br\/wp-content\/uploads\/2017\/09\/IMG_7894-150x150.jpg\" class=\"attachment-thumbnail size-thumbnail\" alt=\"\" aria-describedby=\"gallery-1-28794\" srcset=\"https:\/\/www2.comunitaria.com.br\/wp-content\/uploads\/2017\/09\/IMG_7894-150x150.jpg 150w, https:\/\/www2.comunitaria.com.br\/wp-content\/uploads\/2017\/09\/IMG_7894-65x65.jpg 65w\" sizes=\"auto, (max-width: 150px) 100vw, 150px\" \/><\/a>\n\t\t\t<\/dt>\n\t\t\t\t<dd class='wp-caption-text gallery-caption' id='gallery-1-28794'>\n\t\t\t\tFoto: Rodrigo D&#8217;Avila \n\t\t\t\t<\/dd><\/dl><br style=\"clear: both\" \/><dl class='gallery-item'>\n\t\t\t<dt class='gallery-icon landscape'>\n\t\t\t\t<a href='https:\/\/www2.comunitaria.com.br\/en\/definidos-os-classificados-para-a-final-do-canto-do-barril\/img_7896\/'><img loading=\"lazy\" decoding=\"async\" width=\"150\" height=\"150\" src=\"https:\/\/www2.comunitaria.com.br\/wp-content\/uploads\/2017\/09\/IMG_7896-150x150.jpg\" class=\"attachment-thumbnail size-thumbnail\" alt=\"\" aria-describedby=\"gallery-1-28795\" srcset=\"https:\/\/www2.comunitaria.com.br\/wp-content\/uploads\/2017\/09\/IMG_7896-150x150.jpg 150w, https:\/\/www2.comunitaria.com.br\/wp-content\/uploads\/2017\/09\/IMG_7896-65x65.jpg 65w\" sizes=\"auto, (max-width: 150px) 100vw, 150px\" \/><\/a>\n\t\t\t<\/dt>\n\t\t\t\t<dd class='wp-caption-text gallery-caption' id='gallery-1-28795'>\n\t\t\t\tFoto: Rodrigo D&#8217;Avila \n\t\t\t\t<\/dd><\/dl><dl class='gallery-item'>\n\t\t\t<dt class='gallery-icon landscape'>\n\t\t\t\t<a href='https:\/\/www2.comunitaria.com.br\/en\/definidos-os-classificados-para-a-final-do-canto-do-barril\/img_7902\/'><img loading=\"lazy\" decoding=\"async\" width=\"150\" height=\"150\" src=\"https:\/\/www2.comunitaria.com.br\/wp-content\/uploads\/2017\/09\/IMG_7902-150x150.jpg\" class=\"attachment-thumbnail size-thumbnail\" alt=\"\" aria-describedby=\"gallery-1-28796\" srcset=\"https:\/\/www2.comunitaria.com.br\/wp-content\/uploads\/2017\/09\/IMG_7902-150x150.jpg 150w, https:\/\/www2.comunitaria.com.br\/wp-content\/uploads\/2017\/09\/IMG_7902-65x65.jpg 65w\" sizes=\"auto, (max-width: 150px) 100vw, 150px\" \/><\/a>\n\t\t\t<\/dt>\n\t\t\t\t<dd class='wp-caption-text gallery-caption' id='gallery-1-28796'>\n\t\t\t\tFoto: Rodrigo D&#8217;Avila \n\t\t\t\t<\/dd><\/dl><dl class='gallery-item'>\n\t\t\t<dt class='gallery-icon landscape'>\n\t\t\t\t<a href='https:\/\/www2.comunitaria.com.br\/en\/definidos-os-classificados-para-a-final-do-canto-do-barril\/img_7904\/'><img loading=\"lazy\" decoding=\"async\" width=\"150\" height=\"150\" src=\"https:\/\/www2.comunitaria.com.br\/wp-content\/uploads\/2017\/09\/IMG_7904-150x150.jpg\" class=\"attachment-thumbnail size-thumbnail\" alt=\"\" aria-describedby=\"gallery-1-28797\" srcset=\"https:\/\/www2.comunitaria.com.br\/wp-content\/uploads\/2017\/09\/IMG_7904-150x150.jpg 150w, https:\/\/www2.comunitaria.com.br\/wp-content\/uploads\/2017\/09\/IMG_7904-65x65.jpg 65w\" sizes=\"auto, (max-width: 150px) 100vw, 150px\" \/><\/a>\n\t\t\t<\/dt>\n\t\t\t\t<dd class='wp-caption-text gallery-caption' id='gallery-1-28797'>\n\t\t\t\tFoto: Rodrigo D&#8217;Avila \n\t\t\t\t<\/dd><\/dl><br style=\"clear: both\" \/><dl class='gallery-item'>\n\t\t\t<dt class='gallery-icon landscape'>\n\t\t\t\t<a href='https:\/\/www2.comunitaria.com.br\/en\/definidos-os-classificados-para-a-final-do-canto-do-barril\/img_7909\/'><img loading=\"lazy\" decoding=\"async\" width=\"150\" height=\"150\" src=\"https:\/\/www2.comunitaria.com.br\/wp-content\/uploads\/2017\/09\/IMG_7909-150x150.jpg\" class=\"attachment-thumbnail size-thumbnail\" alt=\"\" aria-describedby=\"gallery-1-28798\" srcset=\"https:\/\/www2.comunitaria.com.br\/wp-content\/uploads\/2017\/09\/IMG_7909-150x150.jpg 150w, https:\/\/www2.comunitaria.com.br\/wp-content\/uploads\/2017\/09\/IMG_7909-65x65.jpg 65w\" sizes=\"auto, (max-width: 150px) 100vw, 150px\" \/><\/a>\n\t\t\t<\/dt>\n\t\t\t\t<dd class='wp-caption-text gallery-caption' id='gallery-1-28798'>\n\t\t\t\tFoto: Rodrigo D&#8217;Avila \n\t\t\t\t<\/dd><\/dl><dl class='gallery-item'>\n\t\t\t<dt class='gallery-icon landscape'>\n\t\t\t\t<a href='https:\/\/www2.comunitaria.com.br\/en\/definidos-os-classificados-para-a-final-do-canto-do-barril\/img_7916\/'><img loading=\"lazy\" decoding=\"async\" width=\"150\" height=\"150\" src=\"https:\/\/www2.comunitaria.com.br\/wp-content\/uploads\/2017\/09\/IMG_7916-150x150.jpg\" class=\"attachment-thumbnail size-thumbnail\" alt=\"\" aria-describedby=\"gallery-1-28799\" srcset=\"https:\/\/www2.comunitaria.com.br\/wp-content\/uploads\/2017\/09\/IMG_7916-150x150.jpg 150w, https:\/\/www2.comunitaria.com.br\/wp-content\/uploads\/2017\/09\/IMG_7916-65x65.jpg 65w\" sizes=\"auto, (max-width: 150px) 100vw, 150px\" \/><\/a>\n\t\t\t<\/dt>\n\t\t\t\t<dd class='wp-caption-text gallery-caption' id='gallery-1-28799'>\n\t\t\t\tFoto: Rodrigo D&#8217;Avila \n\t\t\t\t<\/dd><\/dl><dl class='gallery-item'>\n\t\t\t<dt class='gallery-icon landscape'>\n\t\t\t\t<a href='https:\/\/www2.comunitaria.com.br\/en\/definidos-os-classificados-para-a-final-do-canto-do-barril\/img_7921\/'><img loading=\"lazy\" decoding=\"async\" width=\"150\" height=\"150\" src=\"https:\/\/www2.comunitaria.com.br\/wp-content\/uploads\/2017\/09\/IMG_7921-150x150.jpg\" class=\"attachment-thumbnail size-thumbnail\" alt=\"\" aria-describedby=\"gallery-1-28800\" srcset=\"https:\/\/www2.comunitaria.com.br\/wp-content\/uploads\/2017\/09\/IMG_7921-150x150.jpg 150w, https:\/\/www2.comunitaria.com.br\/wp-content\/uploads\/2017\/09\/IMG_7921-65x65.jpg 65w\" sizes=\"auto, (max-width: 150px) 100vw, 150px\" \/><\/a>\n\t\t\t<\/dt>\n\t\t\t\t<dd class='wp-caption-text gallery-caption' id='gallery-1-28800'>\n\t\t\t\tFoto: Rodrigo D&#8217;Avila \n\t\t\t\t<\/dd><\/dl><br style=\"clear: both\" \/><dl class='gallery-item'>\n\t\t\t<dt class='gallery-icon landscape'>\n\t\t\t\t<a href='https:\/\/www2.comunitaria.com.br\/en\/definidos-os-classificados-para-a-final-do-canto-do-barril\/img_7930\/'><img loading=\"lazy\" decoding=\"async\" width=\"150\" height=\"150\" src=\"https:\/\/www2.comunitaria.com.br\/wp-content\/uploads\/2017\/09\/IMG_7930-150x150.jpg\" class=\"attachment-thumbnail size-thumbnail\" alt=\"\" aria-describedby=\"gallery-1-28801\" srcset=\"https:\/\/www2.comunitaria.com.br\/wp-content\/uploads\/2017\/09\/IMG_7930-150x150.jpg 150w, https:\/\/www2.comunitaria.com.br\/wp-content\/uploads\/2017\/09\/IMG_7930-65x65.jpg 65w\" sizes=\"auto, (max-width: 150px) 100vw, 150px\" \/><\/a>\n\t\t\t<\/dt>\n\t\t\t\t<dd class='wp-caption-text gallery-caption' id='gallery-1-28801'>\n\t\t\t\tFoto: Rodrigo D&#8217;Avila \n\t\t\t\t<\/dd><\/dl><dl class='gallery-item'>\n\t\t\t<dt class='gallery-icon landscape'>\n\t\t\t\t<a href='https:\/\/www2.comunitaria.com.br\/en\/definidos-os-classificados-para-a-final-do-canto-do-barril\/img_7935-2\/'><img loading=\"lazy\" decoding=\"async\" width=\"150\" height=\"150\" src=\"https:\/\/www2.comunitaria.com.br\/wp-content\/uploads\/2017\/09\/IMG_7935-1-150x150.jpg\" class=\"attachment-thumbnail size-thumbnail\" alt=\"\" aria-describedby=\"gallery-1-28802\" srcset=\"https:\/\/www2.comunitaria.com.br\/wp-content\/uploads\/2017\/09\/IMG_7935-1-150x150.jpg 150w, https:\/\/www2.comunitaria.com.br\/wp-content\/uploads\/2017\/09\/IMG_7935-1-65x65.jpg 65w\" sizes=\"auto, (max-width: 150px) 100vw, 150px\" \/><\/a>\n\t\t\t<\/dt>\n\t\t\t\t<dd class='wp-caption-text gallery-caption' id='gallery-1-28802'>\n\t\t\t\tFoto: Rodrigo D&#8217;Avila \n\t\t\t\t<\/dd><\/dl><dl class='gallery-item'>\n\t\t\t<dt class='gallery-icon landscape'>\n\t\t\t\t<a href='https:\/\/www2.comunitaria.com.br\/en\/definidos-os-classificados-para-a-final-do-canto-do-barril\/img_7946\/'><img loading=\"lazy\" decoding=\"async\" width=\"150\" height=\"150\" src=\"https:\/\/www2.comunitaria.com.br\/wp-content\/uploads\/2017\/09\/IMG_7946-150x150.jpg\" class=\"attachment-thumbnail size-thumbnail\" alt=\"\" aria-describedby=\"gallery-1-28803\" srcset=\"https:\/\/www2.comunitaria.com.br\/wp-content\/uploads\/2017\/09\/IMG_7946-150x150.jpg 150w, https:\/\/www2.comunitaria.com.br\/wp-content\/uploads\/2017\/09\/IMG_7946-65x65.jpg 65w\" sizes=\"auto, (max-width: 150px) 100vw, 150px\" \/><\/a>\n\t\t\t<\/dt>\n\t\t\t\t<dd class='wp-caption-text gallery-caption' id='gallery-1-28803'>\n\t\t\t\tFoto: Rodrigo D&#8217;Avila \n\t\t\t\t<\/dd><\/dl><br style=\"clear: both\" \/><dl class='gallery-item'>\n\t\t\t<dt class='gallery-icon landscape'>\n\t\t\t\t<a href='https:\/\/www2.comunitaria.com.br\/en\/definidos-os-classificados-para-a-final-do-canto-do-barril\/img_7949\/'><img loading=\"lazy\" decoding=\"async\" width=\"150\" height=\"150\" src=\"https:\/\/www2.comunitaria.com.br\/wp-content\/uploads\/2017\/09\/IMG_7949-150x150.jpg\" class=\"attachment-thumbnail size-thumbnail\" alt=\"\" aria-describedby=\"gallery-1-28804\" srcset=\"https:\/\/www2.comunitaria.com.br\/wp-content\/uploads\/2017\/09\/IMG_7949-150x150.jpg 150w, https:\/\/www2.comunitaria.com.br\/wp-content\/uploads\/2017\/09\/IMG_7949-65x65.jpg 65w\" sizes=\"auto, (max-width: 150px) 100vw, 150px\" \/><\/a>\n\t\t\t<\/dt>\n\t\t\t\t<dd class='wp-caption-text gallery-caption' id='gallery-1-28804'>\n\t\t\t\tFoto: Rodrigo D&#8217;Avila \n\t\t\t\t<\/dd><\/dl><dl class='gallery-item'>\n\t\t\t<dt class='gallery-icon landscape'>\n\t\t\t\t<a href='https:\/\/www2.comunitaria.com.br\/en\/definidos-os-classificados-para-a-final-do-canto-do-barril\/img_7953\/'><img loading=\"lazy\" decoding=\"async\" width=\"150\" height=\"150\" src=\"https:\/\/www2.comunitaria.com.br\/wp-content\/uploads\/2017\/09\/IMG_7953-150x150.jpg\" class=\"attachment-thumbnail size-thumbnail\" alt=\"\" aria-describedby=\"gallery-1-28805\" srcset=\"https:\/\/www2.comunitaria.com.br\/wp-content\/uploads\/2017\/09\/IMG_7953-150x150.jpg 150w, https:\/\/www2.comunitaria.com.br\/wp-content\/uploads\/2017\/09\/IMG_7953-65x65.jpg 65w\" sizes=\"auto, (max-width: 150px) 100vw, 150px\" \/><\/a>\n\t\t\t<\/dt>\n\t\t\t\t<dd class='wp-caption-text gallery-caption' id='gallery-1-28805'>\n\t\t\t\tFoto: Rodrigo D&#8217;Avila \n\t\t\t\t<\/dd><\/dl><dl class='gallery-item'>\n\t\t\t<dt class='gallery-icon landscape'>\n\t\t\t\t<a href='https:\/\/www2.comunitaria.com.br\/en\/definidos-os-classificados-para-a-final-do-canto-do-barril\/img_7956\/'><img loading=\"lazy\" decoding=\"async\" width=\"150\" height=\"150\" src=\"https:\/\/www2.comunitaria.com.br\/wp-content\/uploads\/2017\/09\/IMG_7956-150x150.jpg\" class=\"attachment-thumbnail size-thumbnail\" alt=\"\" aria-describedby=\"gallery-1-28806\" srcset=\"https:\/\/www2.comunitaria.com.br\/wp-content\/uploads\/2017\/09\/IMG_7956-150x150.jpg 150w, https:\/\/www2.comunitaria.com.br\/wp-content\/uploads\/2017\/09\/IMG_7956-65x65.jpg 65w\" sizes=\"auto, (max-width: 150px) 100vw, 150px\" \/><\/a>\n\t\t\t<\/dt>\n\t\t\t\t<dd class='wp-caption-text gallery-caption' id='gallery-1-28806'>\n\t\t\t\tFoto: Rodrigo D&#8217;Avila \n\t\t\t\t<\/dd><\/dl><br style=\"clear: both\" \/><dl class='gallery-item'>\n\t\t\t<dt class='gallery-icon landscape'>\n\t\t\t\t<a href='https:\/\/www2.comunitaria.com.br\/en\/definidos-os-classificados-para-a-final-do-canto-do-barril\/img_7964\/'><img loading=\"lazy\" decoding=\"async\" width=\"150\" height=\"150\" src=\"https:\/\/www2.comunitaria.com.br\/wp-content\/uploads\/2017\/09\/IMG_7964-150x150.jpg\" class=\"attachment-thumbnail size-thumbnail\" alt=\"\" aria-describedby=\"gallery-1-28807\" srcset=\"https:\/\/www2.comunitaria.com.br\/wp-content\/uploads\/2017\/09\/IMG_7964-150x150.jpg 150w, https:\/\/www2.comunitaria.com.br\/wp-content\/uploads\/2017\/09\/IMG_7964-65x65.jpg 65w\" sizes=\"auto, (max-width: 150px) 100vw, 150px\" \/><\/a>\n\t\t\t<\/dt>\n\t\t\t\t<dd class='wp-caption-text gallery-caption' id='gallery-1-28807'>\n\t\t\t\tFoto: Rodrigo D&#8217;Avila \n\t\t\t\t<\/dd><\/dl><dl class='gallery-item'>\n\t\t\t<dt class='gallery-icon landscape'>\n\t\t\t\t<a href='https:\/\/www2.comunitaria.com.br\/en\/definidos-os-classificados-para-a-final-do-canto-do-barril\/img_7980\/'><img loading=\"lazy\" decoding=\"async\" width=\"150\" height=\"150\" src=\"https:\/\/www2.comunitaria.com.br\/wp-content\/uploads\/2017\/09\/IMG_7980-150x150.jpg\" class=\"attachment-thumbnail size-thumbnail\" alt=\"\" aria-describedby=\"gallery-1-28808\" srcset=\"https:\/\/www2.comunitaria.com.br\/wp-content\/uploads\/2017\/09\/IMG_7980-150x150.jpg 150w, https:\/\/www2.comunitaria.com.br\/wp-content\/uploads\/2017\/09\/IMG_7980-65x65.jpg 65w\" sizes=\"auto, (max-width: 150px) 100vw, 150px\" \/><\/a>\n\t\t\t<\/dt>\n\t\t\t\t<dd class='wp-caption-text gallery-caption' id='gallery-1-28808'>\n\t\t\t\tFoto: Rodrigo D&#8217;Avila \n\t\t\t\t<\/dd><\/dl><dl class='gallery-item'>\n\t\t\t<dt class='gallery-icon landscape'>\n\t\t\t\t<a href='https:\/\/www2.comunitaria.com.br\/en\/definidos-os-classificados-para-a-final-do-canto-do-barril\/img_7986\/'><img loading=\"lazy\" decoding=\"async\" width=\"150\" height=\"150\" src=\"https:\/\/www2.comunitaria.com.br\/wp-content\/uploads\/2017\/09\/IMG_7986-150x150.jpg\" class=\"attachment-thumbnail size-thumbnail\" alt=\"\" aria-describedby=\"gallery-1-28809\" srcset=\"https:\/\/www2.comunitaria.com.br\/wp-content\/uploads\/2017\/09\/IMG_7986-150x150.jpg 150w, https:\/\/www2.comunitaria.com.br\/wp-content\/uploads\/2017\/09\/IMG_7986-65x65.jpg 65w\" sizes=\"auto, (max-width: 150px) 100vw, 150px\" \/><\/a>\n\t\t\t<\/dt>\n\t\t\t\t<dd class='wp-caption-text gallery-caption' id='gallery-1-28809'>\n\t\t\t\tFoto: Rodrigo D&#8217;Avila \n\t\t\t\t<\/dd><\/dl><br style=\"clear: both\" \/><dl class='gallery-item'>\n\t\t\t<dt class='gallery-icon landscape'>\n\t\t\t\t<a href='https:\/\/www2.comunitaria.com.br\/en\/definidos-os-classificados-para-a-final-do-canto-do-barril\/img_7989\/'><img loading=\"lazy\" decoding=\"async\" width=\"150\" height=\"150\" src=\"https:\/\/www2.comunitaria.com.br\/wp-content\/uploads\/2017\/09\/IMG_7989-150x150.jpg\" class=\"attachment-thumbnail size-thumbnail\" alt=\"\" aria-describedby=\"gallery-1-28810\" srcset=\"https:\/\/www2.comunitaria.com.br\/wp-content\/uploads\/2017\/09\/IMG_7989-150x150.jpg 150w, https:\/\/www2.comunitaria.com.br\/wp-content\/uploads\/2017\/09\/IMG_7989-65x65.jpg 65w\" sizes=\"auto, (max-width: 150px) 100vw, 150px\" \/><\/a>\n\t\t\t<\/dt>\n\t\t\t\t<dd class='wp-caption-text gallery-caption' id='gallery-1-28810'>\n\t\t\t\tFoto: Rodrigo D&#8217;Avila \n\t\t\t\t<\/dd><\/dl>\n\t\t\t<br style='clear: both' \/>\n\t\t<\/div>","protected":false},"excerpt":{"rendered":"<p>O 5\u00ba Canto do Barril teve sua fase classificat\u00f3ria na noite deste s\u00e1bado, 16, e reuniu, no total 39 int\u00e9rpretes no palco do 39\u00ba Acampamento Farrapo de Frederico Westphalen. Vindos de cidades de toda regi\u00e3o, a categoria A e B teve, ao final, cinco classificados para a grande final, j\u00e1 a categoria C teve quatro<\/p>\n<div class=\"read-more-wrapper\"><a class=\"read-more\" href=\"https:\/\/www2.comunitaria.com.br\/en\/definidos-os-classificados-para-a-final-do-canto-do-barril\/\" title=\"Read More\"> <span class=\"button\">Read More<\/span><\/a><\/div>","protected":false},"author":2,"featured_media":28785,"comment_status":"open","ping_status":"closed","sticky":false,"template":"","format":"standard","meta":{"ngg_post_thumbnail":0,"footnotes":""},"categories":[3593,42,100,28,33,35],"tags":[3189,1001,82,1159,1165],"class_list":["post-28784","post","type-post","status-publish","format-standard","has-post-thumbnail","hentry","category-cultura","category-fred-west","category-musica","category-destaque","category-noticias","category-variedades","tag-canto-do-barril","tag-cultura","tag-frederico-westphalen","tag-musica","tag-variedades"],"amp_enabled":true,"_links":{"self":[{"href":"https:\/\/www2.comunitaria.com.br\/en\/wp-json\/wp\/v2\/posts\/28784","targetHints":{"allow":["GET"]}}],"collection":[{"href":"https:\/\/www2.comunitaria.com.br\/en\/wp-json\/wp\/v2\/posts"}],"about":[{"href":"https:\/\/www2.comunitaria.com.br\/en\/wp-json\/wp\/v2\/types\/post"}],"author":[{"embeddable":true,"href":"https:\/\/www2.comunitaria.com.br\/en\/wp-json\/wp\/v2\/users\/2"}],"replies":[{"embeddable":true,"href":"https:\/\/www2.comunitaria.com.br\/en\/wp-json\/wp\/v2\/comments?post=28784"}],"version-history":[{"count":0,"href":"https:\/\/www2.comunitaria.com.br\/en\/wp-json\/wp\/v2\/posts\/28784\/revisions"}],"wp:featuredmedia":[{"embeddable":true,"href":"https:\/\/www2.comunitaria.com.br\/en\/wp-json\/wp\/v2\/media\/28785"}],"wp:attachment":[{"href":"https:\/\/www2.comunitaria.com.br\/en\/wp-json\/wp\/v2\/media?parent=28784"}],"wp:term":[{"taxonomy":"category","embeddable":true,"href":"https:\/\/www2.comunitaria.com.br\/en\/wp-json\/wp\/v2\/categories?post=28784"},{"taxonomy":"post_tag","embeddable":true,"href":"https:\/\/www2.comunitaria.com.br\/en\/wp-json\/wp\/v2\/tags?post=28784"}],"curies":[{"name":"wp","href":"https:\/\/api.w.org\/{rel}","templated":true}]}}