{"id":2857,"date":"2015-03-06T10:44:46","date_gmt":"2015-03-06T12:44:46","guid":{"rendered":"http:\/\/www2.comunitaria.com.br\/?p=2857"},"modified":"2015-03-06T10:44:46","modified_gmt":"2015-03-06T12:44:46","slug":"amzop-tem-novo-presidente","status":"publish","type":"post","link":"https:\/\/www2.comunitaria.com.br\/en\/amzop-tem-novo-presidente\/","title":{"rendered":"Amzop tem novo presidente"},"content":{"rendered":"<p style=\"text-align: justify;\">A sede da Associa\u00e7\u00e3o dos Munic\u00edpios da Zona da Produ\u00e7\u00e3o (Amzop) recebeu mais de 40 pessoas entre prefeitos, imprensa e lideran\u00e7as regionais durante a Assembleia Geral Ordin\u00e1ria na tarde de ontem, 5 de mar\u00e7o. A reuni\u00e3o marcou a troca do comando da associa\u00e7\u00e3o que passa a ser presidida pelo prefeito de Planalto, Antonio Carlos Damin. Ele substitui o prefeito de Pinhal, Edmilson Pedro Pelizari.<\/p>\n<p style=\"text-align: justify;\">Em seu pronunciamento de posse, Damin parabenizou o trabalho realizado por Pelizari a sua diretoria e disse que prosseguir\u00e1 com as a\u00e7\u00f5es j\u00e1 executadas. Al\u00e9m disso, afirmou que vai lutar pela governabilidade dos pequenos munic\u00edpios.<\/p>\n<p style=\"text-align: justify;\">Durante a Assembleia foi apresentada a presta\u00e7\u00e3o de contas do exerc\u00edcio 2014 da Amzop. Sob o comando de Pelizari, a Associa\u00e7\u00e3o teve uma receita de R$ 374.792,00. Desse valor, R$ 208.892,00 foi de contribui\u00e7\u00e3o dos munic\u00edpios, R$ 165.900,00 de contribui\u00e7\u00f5es espec\u00edficas dos munic\u00edpios associados.<\/p>\n<p style=\"text-align: justify;\">Os prefeitos aprovaram a ades\u00e3o da Amzop ao Cons\u00f3rcio Intermunicipal de Seguran\u00e7a Alimentar, Aten\u00e7\u00e3o \u00e0 Sanidade Agropecu\u00e1ria e Desenvolvimento Loal (Consad Extrema Oeste).<\/p>\n<p style=\"text-align: justify;\">Diretoria executiva<br \/>\nPresidente: Antonio Carlos Damin (PDT) \u2013 Planalto<br \/>\n1\u00ba vice-presidente: Luiz Carlos Panosso (PMDB) &#8211; Palmitinho<br \/>\n2\u00ba vice-presidente: Nilson Dal Cortivo (PT) \u2013 Rodeio Bonito<br \/>\n1\u00ba secret\u00e1rio: Renato Gemelli Bonadiman (PP) \u2013 Seberi<br \/>\n2\u00ba secret\u00e1rio: M\u00e1rcio Thums (PTB) \u2013 Nova Boa Vista<br \/>\nTesoureiro: Gilson De Carli (PMDB) \u2013 Liberato Salzano<br \/>\nConselho Fiscal<br \/>\nJair Scolari (PP) \u2013 Boa Vista das Miss\u00f5es<br \/>\nSilvanio Antonio Dias (PSB) &#8211; Tr\u00eas Plmeiras<br \/>\nAntonio Jo\u00e3o Ceresoli (PSDB) \u2013 Gramado dos Loureiros<br \/>\nSuplentes<br \/>\nAlexandre Elias Nicola (PDT) \u2013 Barra Funda<br \/>\nGilmar Leschewitz (PT) \u2013 Erval Seco<br \/>\nVanderlei Zanatta (PMDB) \u2013 Taquaru\u00e7u do Sul<\/p>\n<p style=\"text-align: justify;\"><em>Folha do Noroeste\u00a0<\/em><\/p>","protected":false},"excerpt":{"rendered":"<p>A sede da Associa\u00e7\u00e3o dos Munic\u00edpios da Zona da Produ\u00e7\u00e3o (Amzop) recebeu mais de 40 pessoas entre prefeitos, imprensa e lideran\u00e7as regionais durante a Assembleia Geral Ordin\u00e1ria na tarde de ontem, 5 de mar\u00e7o. A reuni\u00e3o marcou a troca do comando da associa\u00e7\u00e3o que passa a ser presidida pelo prefeito de Planalto, Antonio Carlos Damin.<\/p>\n<div class=\"read-more-wrapper\"><a class=\"read-more\" href=\"https:\/\/www2.comunitaria.com.br\/en\/amzop-tem-novo-presidente\/\" title=\"Read More\"> <span class=\"button\">Read More<\/span><\/a><\/div>","protected":false},"author":2,"featured_media":2858,"comment_status":"open","ping_status":"closed","sticky":false,"template":"","format":"standard","meta":{"ngg_post_thumbnail":0,"footnotes":""},"categories":[33,43],"tags":[],"class_list":["post-2857","post","type-post","status-publish","format-standard","has-post-thumbnail","hentry","category-noticias","category-regiao"],"amp_enabled":true,"_links":{"self":[{"href":"https:\/\/www2.comunitaria.com.br\/en\/wp-json\/wp\/v2\/posts\/2857","targetHints":{"allow":["GET"]}}],"collection":[{"href":"https:\/\/www2.comunitaria.com.br\/en\/wp-json\/wp\/v2\/posts"}],"about":[{"href":"https:\/\/www2.comunitaria.com.br\/en\/wp-json\/wp\/v2\/types\/post"}],"author":[{"embeddable":true,"href":"https:\/\/www2.comunitaria.com.br\/en\/wp-json\/wp\/v2\/users\/2"}],"replies":[{"embeddable":true,"href":"https:\/\/www2.comunitaria.com.br\/en\/wp-json\/wp\/v2\/comments?post=2857"}],"version-history":[{"count":0,"href":"https:\/\/www2.comunitaria.com.br\/en\/wp-json\/wp\/v2\/posts\/2857\/revisions"}],"wp:featuredmedia":[{"embeddable":true,"href":"https:\/\/www2.comunitaria.com.br\/en\/wp-json\/wp\/v2\/media\/2858"}],"wp:attachment":[{"href":"https:\/\/www2.comunitaria.com.br\/en\/wp-json\/wp\/v2\/media?parent=2857"}],"wp:term":[{"taxonomy":"category","embeddable":true,"href":"https:\/\/www2.comunitaria.com.br\/en\/wp-json\/wp\/v2\/categories?post=2857"},{"taxonomy":"post_tag","embeddable":true,"href":"https:\/\/www2.comunitaria.com.br\/en\/wp-json\/wp\/v2\/tags?post=2857"}],"curies":[{"name":"wp","href":"https:\/\/api.w.org\/{rel}","templated":true}]}}