{"id":28560,"date":"2017-09-11T17:54:55","date_gmt":"2017-09-11T19:54:55","guid":{"rendered":"http:\/\/www2.comunitaria.com.br\/?p=28560"},"modified":"2017-09-11T18:49:38","modified_gmt":"2017-09-11T20:49:38","slug":"deputado-marcon-denuncia-cortes-do-governo-temer-na-agricultura-familiar","status":"publish","type":"post","link":"https:\/\/www2.comunitaria.com.br\/en\/deputado-marcon-denuncia-cortes-do-governo-temer-na-agricultura-familiar\/","title":{"rendered":"Deputado Marcon denuncia cortes do governo Temer na agricultura familiar"},"content":{"rendered":"<p style=\"text-align: justify;\">O deputado federal Marcon (PT-RS) denuncia cortes do governo Temer para o Or\u00e7amento que praticamente enterram a agricultura familiar. \u201cProgramas de fortalecimento da agricultura familiar ter\u00e3o uma redu\u00e7\u00e3o de quase 80% se compararmos com o valor que a ex &#8211; presidenta Dilma investiu em 2015: R$ 83,199 milh\u00f5es, j\u00e1 o governo Temer vai investir apenas R$ 10,217 milh\u00f5es,\u201d criticou Marcon.<\/p>\n<p style=\"text-align: justify;\">Ainda de acordo com o deputado Marcon, Temer reduz a compra de terras para a Reforma Agr\u00e1ria em 44%, al\u00e9m de reduzir o Programa de Aquisi\u00e7\u00e3o de Alimentos, cr\u00e9dito fundi\u00e1rio e outros programas sociais. \u00c9 um absurdo o que est\u00e1 acontecendo, Temer economiza com o povo brasileiro para ter dinheiro e garantir sua perman\u00eancia no cargo,\u201d afirma Marcon.<\/p>\n<p style=\"text-align: justify;\">\u201cLula e Dilma passaram 13 anos incentivando a agricultura familiar, com projetos para manter o homem no campo e mais oportunidades aos filhos dos agricultores, Temer vem reduzindo drasticamente esses incentivos, mas investe milh\u00f5es no agroneg\u00f3cio,\u201d lamentou o deputado Marcon.<\/p>\n<p style=\"text-align: justify;\"><em>Fonte: Assessoria Deputado Marcon<\/em><\/p>","protected":false},"excerpt":{"rendered":"<p>O deputado federal Marcon (PT-RS) denuncia cortes do governo Temer para o Or\u00e7amento que praticamente enterram a agricultura familiar. \u201cProgramas de fortalecimento da agricultura familiar ter\u00e3o uma redu\u00e7\u00e3o de quase&#8230;<\/p>","protected":false},"author":2,"featured_media":28561,"comment_status":"open","ping_status":"closed","sticky":false,"template":"","format":"standard","meta":{"ngg_post_thumbnail":0,"footnotes":""},"categories":[39,33,38],"tags":[613,1464,3672],"class_list":["post-28560","post","type-post","status-publish","format-standard","has-post-thumbnail","hentry","category-economia","category-noticias","category-politica","tag-corte","tag-denuncia","tag-governo-temer"],"amp_enabled":true,"_links":{"self":[{"href":"https:\/\/www2.comunitaria.com.br\/en\/wp-json\/wp\/v2\/posts\/28560","targetHints":{"allow":["GET"]}}],"collection":[{"href":"https:\/\/www2.comunitaria.com.br\/en\/wp-json\/wp\/v2\/posts"}],"about":[{"href":"https:\/\/www2.comunitaria.com.br\/en\/wp-json\/wp\/v2\/types\/post"}],"author":[{"embeddable":true,"href":"https:\/\/www2.comunitaria.com.br\/en\/wp-json\/wp\/v2\/users\/2"}],"replies":[{"embeddable":true,"href":"https:\/\/www2.comunitaria.com.br\/en\/wp-json\/wp\/v2\/comments?post=28560"}],"version-history":[{"count":0,"href":"https:\/\/www2.comunitaria.com.br\/en\/wp-json\/wp\/v2\/posts\/28560\/revisions"}],"wp:featuredmedia":[{"embeddable":true,"href":"https:\/\/www2.comunitaria.com.br\/en\/wp-json\/wp\/v2\/media\/28561"}],"wp:attachment":[{"href":"https:\/\/www2.comunitaria.com.br\/en\/wp-json\/wp\/v2\/media?parent=28560"}],"wp:term":[{"taxonomy":"category","embeddable":true,"href":"https:\/\/www2.comunitaria.com.br\/en\/wp-json\/wp\/v2\/categories?post=28560"},{"taxonomy":"post_tag","embeddable":true,"href":"https:\/\/www2.comunitaria.com.br\/en\/wp-json\/wp\/v2\/tags?post=28560"}],"curies":[{"name":"wp","href":"https:\/\/api.w.org\/{rel}","templated":true}]}}