{"id":28463,"date":"2017-09-05T10:42:06","date_gmt":"2017-09-05T12:42:06","guid":{"rendered":"http:\/\/www2.comunitaria.com.br\/?p=28463"},"modified":"2017-09-05T10:52:28","modified_gmt":"2017-09-05T12:52:28","slug":"cotrifred-ira-promover-mais-uma-edicao-da-semana-de-negocios","status":"publish","type":"post","link":"https:\/\/www2.comunitaria.com.br\/en\/cotrifred-ira-promover-mais-uma-edicao-da-semana-de-negocios\/","title":{"rendered":"Cotrifred ir\u00e1 promover mais uma edi\u00e7\u00e3o da Semana de Neg\u00f3cios"},"content":{"rendered":"<p style=\"text-align: justify;\">Os protutores rurais de toda a regi\u00e3o ter\u00e3o mais uma oportunidade de debater e obter informa\u00e7\u00f5es com consultores especializados. Esta chance ocorrer\u00e1 entre os dias 11 e 15 de setembro, no evento Semana de Neg\u00f3cios, promovido pela Cotrifred.&nbsp;<\/p>\n<p style=\"text-align: justify;\">No dia 15 de setembro as empresas parceiras da Cotrifred estar\u00e3o dispon\u00edveis no estacionamento da cooperativa em Frederico Westphalen recebendo os produtores. Al\u00e9m da consultoria, a matriz e filiais da Cotrifred estar\u00e3o com pre\u00e7os especiais e diferenciados, com in\u00fameras promo\u00e7\u00f5es.&nbsp;<\/p>","protected":false},"excerpt":{"rendered":"<p>Os protutores rurais de toda a regi\u00e3o ter\u00e3o mais uma oportunidade de debater e obter informa\u00e7\u00f5es com consultores especializados. Esta chance ocorrer\u00e1 entre os dias 11 e 15 de setembro, no evento Semana de Neg\u00f3cios, promovido pela Cotrifred.&nbsp; No dia 15 de setembro as empresas parceiras da Cotrifred estar\u00e3o dispon\u00edveis no estacionamento da cooperativa em<\/p>\n<div class=\"read-more-wrapper\"><a class=\"read-more\" href=\"https:\/\/www2.comunitaria.com.br\/en\/cotrifred-ira-promover-mais-uma-edicao-da-semana-de-negocios\/\" title=\"Read More\"> <span class=\"button\">Read More<\/span><\/a><\/div>","protected":false},"author":2,"featured_media":28465,"comment_status":"open","ping_status":"closed","sticky":false,"template":"","format":"standard","meta":{"ngg_post_thumbnail":0,"footnotes":""},"categories":[39,46,42,33,43,45,35],"tags":[114,82,86,3663],"class_list":["post-28463","post","type-post","status-publish","format-standard","has-post-thumbnail","hentry","category-economia","category-estado","category-fred-west","category-noticias","category-regiao","category-rural","category-variedades","tag-cotrifred","tag-frederico-westphalen","tag-regiao-2","tag-ruaral"],"amp_enabled":true,"_links":{"self":[{"href":"https:\/\/www2.comunitaria.com.br\/en\/wp-json\/wp\/v2\/posts\/28463","targetHints":{"allow":["GET"]}}],"collection":[{"href":"https:\/\/www2.comunitaria.com.br\/en\/wp-json\/wp\/v2\/posts"}],"about":[{"href":"https:\/\/www2.comunitaria.com.br\/en\/wp-json\/wp\/v2\/types\/post"}],"author":[{"embeddable":true,"href":"https:\/\/www2.comunitaria.com.br\/en\/wp-json\/wp\/v2\/users\/2"}],"replies":[{"embeddable":true,"href":"https:\/\/www2.comunitaria.com.br\/en\/wp-json\/wp\/v2\/comments?post=28463"}],"version-history":[{"count":0,"href":"https:\/\/www2.comunitaria.com.br\/en\/wp-json\/wp\/v2\/posts\/28463\/revisions"}],"wp:featuredmedia":[{"embeddable":true,"href":"https:\/\/www2.comunitaria.com.br\/en\/wp-json\/wp\/v2\/media\/28465"}],"wp:attachment":[{"href":"https:\/\/www2.comunitaria.com.br\/en\/wp-json\/wp\/v2\/media?parent=28463"}],"wp:term":[{"taxonomy":"category","embeddable":true,"href":"https:\/\/www2.comunitaria.com.br\/en\/wp-json\/wp\/v2\/categories?post=28463"},{"taxonomy":"post_tag","embeddable":true,"href":"https:\/\/www2.comunitaria.com.br\/en\/wp-json\/wp\/v2\/tags?post=28463"}],"curies":[{"name":"wp","href":"https:\/\/api.w.org\/{rel}","templated":true}]}}