{"id":28390,"date":"2017-09-01T11:06:34","date_gmt":"2017-09-01T13:06:34","guid":{"rendered":"http:\/\/www2.comunitaria.com.br\/?p=28390"},"modified":"2017-09-01T11:09:47","modified_gmt":"2017-09-01T13:09:47","slug":"prazo-para-adesao-ao-refis-e-ampliado","status":"publish","type":"post","link":"https:\/\/www2.comunitaria.com.br\/en\/prazo-para-adesao-ao-refis-e-ampliado\/","title":{"rendered":"Prazo para ades\u00e3o ao Refis \u00e9 ampliado"},"content":{"rendered":"<p style=\"text-align: justify;\">A Secretaria da Receita Federal publicou no Di\u00e1rio Oficial da Uni\u00e3o (DOU) desta sexta-feira, dia 1\u00ba, instru\u00e7\u00e3o normativa que regulamenta a amplia\u00e7\u00e3o do prazo de ades\u00e3o ao Programa Especial de Regulariza\u00e7\u00e3o Tribut\u00e1ria (Pert), conhecido como Refis.<\/p>\n<p style=\"text-align: justify;\">Nesta quinta-feira, o governo editou a Medida Provis\u00f3ria 798\/2017, que fixa em 29 de setembro a data limite de ades\u00e3o ao programa. A MP altera o prazo inicialmente previsto na Medida&nbsp;Provis\u00f3ria 783\/2017, ainda em tramita\u00e7\u00e3o no Congresso e objeto de ampla discuss\u00e3o entre governo e parlamentares. Sem a mudan\u00e7a, o prazo de ades\u00e3o ao Refis acabaria nesta quinta.<\/p>\n<div id=\"sas_38013\" style=\"text-align: justify;\">&nbsp;Entre outros pontos, a IN da Receita confirma a determina\u00e7\u00e3o da MP 798 de que os contribuintes que optarem pelo parcelamento no m\u00eas de setembro ter\u00e3o de pagar cumulativamente duas presta\u00e7\u00f5es, a de agosto e a de setembro.<\/div>\n<div>&nbsp;<\/div>","protected":false},"excerpt":{"rendered":"<p>A Secretaria da Receita Federal publicou no Di\u00e1rio Oficial da Uni\u00e3o (DOU) desta sexta-feira, dia 1\u00ba, instru\u00e7\u00e3o normativa que regulamenta a amplia\u00e7\u00e3o do prazo de ades\u00e3o ao Programa Especial de Regulariza\u00e7\u00e3o Tribut\u00e1ria (Pert), conhecido como Refis. Nesta quinta-feira, o governo editou a Medida Provis\u00f3ria 798\/2017, que fixa em 29 de setembro a data limite de<\/p>\n<div class=\"read-more-wrapper\"><a class=\"read-more\" href=\"https:\/\/www2.comunitaria.com.br\/en\/prazo-para-adesao-ao-refis-e-ampliado\/\" title=\"Read More\"> <span class=\"button\">Read More<\/span><\/a><\/div>","protected":false},"author":2,"featured_media":28391,"comment_status":"open","ping_status":"closed","sticky":false,"template":"","format":"standard","meta":{"ngg_post_thumbnail":0,"footnotes":""},"categories":[47,39,46,42,33,38,35],"tags":[1926,384,1130,3658,86],"class_list":["post-28390","post","type-post","status-publish","format-standard","has-post-thumbnail","hentry","category-brasil","category-economia","category-estado","category-fred-west","category-noticias","category-politica","category-variedades","tag-brasil","tag-economia-2","tag-receita-federal","tag-refis","tag-regiao-2"],"amp_enabled":true,"_links":{"self":[{"href":"https:\/\/www2.comunitaria.com.br\/en\/wp-json\/wp\/v2\/posts\/28390","targetHints":{"allow":["GET"]}}],"collection":[{"href":"https:\/\/www2.comunitaria.com.br\/en\/wp-json\/wp\/v2\/posts"}],"about":[{"href":"https:\/\/www2.comunitaria.com.br\/en\/wp-json\/wp\/v2\/types\/post"}],"author":[{"embeddable":true,"href":"https:\/\/www2.comunitaria.com.br\/en\/wp-json\/wp\/v2\/users\/2"}],"replies":[{"embeddable":true,"href":"https:\/\/www2.comunitaria.com.br\/en\/wp-json\/wp\/v2\/comments?post=28390"}],"version-history":[{"count":0,"href":"https:\/\/www2.comunitaria.com.br\/en\/wp-json\/wp\/v2\/posts\/28390\/revisions"}],"wp:featuredmedia":[{"embeddable":true,"href":"https:\/\/www2.comunitaria.com.br\/en\/wp-json\/wp\/v2\/media\/28391"}],"wp:attachment":[{"href":"https:\/\/www2.comunitaria.com.br\/en\/wp-json\/wp\/v2\/media?parent=28390"}],"wp:term":[{"taxonomy":"category","embeddable":true,"href":"https:\/\/www2.comunitaria.com.br\/en\/wp-json\/wp\/v2\/categories?post=28390"},{"taxonomy":"post_tag","embeddable":true,"href":"https:\/\/www2.comunitaria.com.br\/en\/wp-json\/wp\/v2\/tags?post=28390"}],"curies":[{"name":"wp","href":"https:\/\/api.w.org\/{rel}","templated":true}]}}