{"id":28365,"date":"2017-08-31T10:50:36","date_gmt":"2017-08-31T12:50:36","guid":{"rendered":"http:\/\/www2.comunitaria.com.br\/?p=28365"},"modified":"2017-08-31T10:51:17","modified_gmt":"2017-08-31T12:51:17","slug":"agricultores-familiares-pedem-a-extincao-imediata-de-decretos-que-prejudicam-a-producao-de-leite-no-rs","status":"publish","type":"post","link":"https:\/\/www2.comunitaria.com.br\/en\/agricultores-familiares-pedem-a-extincao-imediata-de-decretos-que-prejudicam-a-producao-de-leite-no-rs\/","title":{"rendered":"Agricultores familiares pedem a extin\u00e7\u00e3o imediata de decretos que prejudicam a produ\u00e7\u00e3o de leite no RS"},"content":{"rendered":"<p style=\"text-align: justify;\">Pequenos agricultores,&nbsp;gestores municipais, dirigentes de cooperativas, de sindicatos rurais, movimentos sociais, deputados estaduais e federais cobram solu\u00e7\u00f5es \u00e0 crise do leite no Rio Grande do Sul e pedem a extin\u00e7\u00e3o imediata do decreto do governo estadual de junho do ano passado que baixou a al\u00edquota do ICMS de 18% para 12%, para importa\u00e7\u00e3o de leite. Os&nbsp;impactos das importa\u00e7\u00f5es de leite em p\u00f3 vindo do Uruguai na cadeia produtiva do setor no estado foi tema de um encontro que lotou a&nbsp;Casa da Assembleia na Expointer, em Esteio, na manh\u00e3 desta&nbsp;quarta-feira, 30.<\/p>\n<p style=\"text-align: justify;\">Organizado pela presid\u00eancia da Assembleia Legislativa, o encontro prop\u00f4s discutir alternativas \u00e0s medidas do governo estadual que vem estimulando a importa\u00e7\u00e3o do produto e colocando em risco a economia das pequenas localidades e dos pr\u00f3prios produtores.&nbsp;Somente em 2016 o RS&nbsp;deixou de arrecadar cerca de R$ 126 milh\u00f5es em impostos.&nbsp;O presidente da Assembleia, deputado Edegar Pretto (PT), diz que trata-se de uma concorr\u00eancia desleal, pois tem como resultado a forte queda do pre\u00e7o pago pela ind\u00fastria aos produtores. Hoje, o pre\u00e7o do litro de leite pago pela ind\u00fastria aos agricultores no estado este entre R$ 0,80 e R$ 0,90:&nbsp;<\/p>\n<audio class=\"wp-audio-shortcode\" id=\"audio-28365-1\" preload=\"none\" style=\"width: 100%;\" controls=\"controls\"><source type=\"audio\/wav\" src=\"http:\/\/www2.comunitaria.com.br\/wp-content\/uploads\/2017\/08\/Sonora-Presidente-Edegar-Pretto-Crise-do-Leite.wav?_=1\" \/><a href=\"http:\/\/www2.comunitaria.com.br\/wp-content\/uploads\/2017\/08\/Sonora-Presidente-Edegar-Pretto-Crise-do-Leite.wav\">http:\/\/www2.comunitaria.com.br\/wp-content\/uploads\/2017\/08\/Sonora-Presidente-Edegar-Pretto-Crise-do-Leite.wav<\/a><\/audio>\n<p style=\"text-align: justify;\">O RS responde pelo maior volume de leite importado. Passou de 27 mil toneladas em 2015 para 50 mil toneladas em 2016. Somente nos primeiros cinco meses do ano o estado j\u00e1 buscou no pa\u00eds vizinho cerca de 15 mil toneladas. As maiores importadoras s\u00e3o empresas multinacionais como Conaprole (cooperativa uruguaia), a su\u00ed\u00e7a Nestle e Lactalis (holandesa).&nbsp;<\/p>\n<p style=\"text-align: justify;\">Representantes de entidades ligadas \u00e0 agricultura familiar avaliam que a cadeia produtiva do leite ser\u00e1 comandada s\u00f3 por empresas multinacionais se persistir a crise estabelecida pela&nbsp;falta de pol\u00edticas p\u00fablicas dos governos estadual e federal. Um dos dirigentes do Movimento dos Pequenos Agricultores (MPA), Frei S\u00e9rgio G\u00f6rgen, diz que o sistema de importa\u00e7\u00e3o \u00e9 na verdade uma triangula\u00e7\u00e3o de grandes empresas que trabalham com leite internacional e deixam os pequenos produtores nesta p\u00e9ssima situa\u00e7\u00e3o. &#8220;Precisamos que sejam tomadas medidas imediatas,&nbsp;como interromper definitivamente os decretos do governo ga\u00facho que beneficiaram outros pa\u00edses e abrir espa\u00e7o via programas institucionais da Companhia Nacional de Abastecimento &#8211; a Conab, para compra de leite que pode ser usado na merenda escolar e Programa de Aquisi\u00e7\u00e3o de Alimentos&#8221;, exemplificou.<\/p>\n<p style=\"text-align: justify;\">\u00c9lio Muller, integrante da&nbsp;Cooperativa do Movimento dos Trabalhadores Rurais Sem Terra (MST) de Santana do Livramento &#8211; Coperforte, tamb\u00e9m reivindicou a\u00e7\u00f5es do governo do Estado. Ele questionou a falta de vis\u00e3o do governo ga\u00facho ao impor decretos que trouxeram tantos preju\u00edzos \u00e0 cadeia produtiva sem levar em conta as necessidades da agricultura familiar. &#8220;Somos fam\u00edlias que precisamos sobreviver e dar sustento aos nossos filhos e filhas&#8221;, resumiu.<\/p>\n<p>Ao final, o presidente Edegar Pretto anunciou que solicitou agenda com o governador Jos\u00e9 Ivo Sartori&nbsp;para tratar do assunto.<\/p>\n<p style=\"text-align: justify;\"><strong>Situa\u00e7\u00e3o do leite no RS<\/strong><\/p>\n<p style=\"text-align: justify;\">O RS&nbsp;possui um rebanho de 1.427.730 vacas leiteiras e produz 4,6 bilh\u00f5es de litros por ano, numa m\u00e9dia de 12,62 milh\u00f5es litros\/dia. O estado possui 198 mil produtores, sendo que&nbsp;100 mil produzem para a venda e 90 mil para consumo pr\u00f3prio. Dos 100 mil, 85 mil s\u00e3o &#8220;ref\u00e9ns da ind\u00fastria&#8221; e vendem somente para ela. O leite responde por 9% do PIB do RS (n\u00fameros de 2014), sendo que 94% dos munic\u00edpios contam com alguma produ\u00e7\u00e3o leiteira. Hoje o RS produz cerca de 60 derivados do leite, mas poderia, com programa, incentivo e acompanhamento t\u00e9cnico, chegar a 300 derivados.<\/p>\n<p style=\"text-align: justify;\"><em>A.I. Assembleia Legislativa<\/em><\/p>","protected":false},"excerpt":{"rendered":"<p>Pequenos agricultores,&nbsp;gestores municipais, dirigentes de cooperativas, de sindicatos rurais, movimentos sociais, deputados estaduais e federais cobram solu\u00e7\u00f5es \u00e0 crise do leite no Rio Grande do Sul e pedem a extin\u00e7\u00e3o&#8230;<\/p>","protected":false},"author":2,"featured_media":28367,"comment_status":"open","ping_status":"closed","sticky":false,"template":"","format":"standard","meta":{"ngg_post_thumbnail":0,"footnotes":""},"categories":[39,46,33,38,43,45],"tags":[676,76,1015,519,120,1079,2274,1733,3651],"class_list":["post-28365","post","type-post","status-publish","format-standard","has-post-thumbnail","hentry","category-economia","category-estado","category-noticias","category-politica","category-regiao","category-rural","tag-assembleia-legislativa","tag-debate","tag-encontro","tag-estado-2","tag-leite","tag-politica","tag-producao-leiteira","tag-produtores","tag-produtores-rurais"],"amp_enabled":true,"_links":{"self":[{"href":"https:\/\/www2.comunitaria.com.br\/en\/wp-json\/wp\/v2\/posts\/28365","targetHints":{"allow":["GET"]}}],"collection":[{"href":"https:\/\/www2.comunitaria.com.br\/en\/wp-json\/wp\/v2\/posts"}],"about":[{"href":"https:\/\/www2.comunitaria.com.br\/en\/wp-json\/wp\/v2\/types\/post"}],"author":[{"embeddable":true,"href":"https:\/\/www2.comunitaria.com.br\/en\/wp-json\/wp\/v2\/users\/2"}],"replies":[{"embeddable":true,"href":"https:\/\/www2.comunitaria.com.br\/en\/wp-json\/wp\/v2\/comments?post=28365"}],"version-history":[{"count":0,"href":"https:\/\/www2.comunitaria.com.br\/en\/wp-json\/wp\/v2\/posts\/28365\/revisions"}],"wp:featuredmedia":[{"embeddable":true,"href":"https:\/\/www2.comunitaria.com.br\/en\/wp-json\/wp\/v2\/media\/28367"}],"wp:attachment":[{"href":"https:\/\/www2.comunitaria.com.br\/en\/wp-json\/wp\/v2\/media?parent=28365"}],"wp:term":[{"taxonomy":"category","embeddable":true,"href":"https:\/\/www2.comunitaria.com.br\/en\/wp-json\/wp\/v2\/categories?post=28365"},{"taxonomy":"post_tag","embeddable":true,"href":"https:\/\/www2.comunitaria.com.br\/en\/wp-json\/wp\/v2\/tags?post=28365"}],"curies":[{"name":"wp","href":"https:\/\/api.w.org\/{rel}","templated":true}]}}