{"id":28179,"date":"2017-08-23T19:43:29","date_gmt":"2017-08-23T21:43:29","guid":{"rendered":"http:\/\/www2.comunitaria.com.br\/?p=28179"},"modified":"2017-08-23T19:43:29","modified_gmt":"2017-08-23T21:43:29","slug":"andaime-rompe-e-dois-funcionarios-ficam-suspensos-em-fw","status":"publish","type":"post","link":"https:\/\/www2.comunitaria.com.br\/en\/andaime-rompe-e-dois-funcionarios-ficam-suspensos-em-fw\/","title":{"rendered":"Andaime rompe e dois funcion\u00e1rios ficam suspensos em FW"},"content":{"rendered":"<p style=\"text-align: justify;\">Por volta das 17h desta quarta-feira, 23, um acidente de trabalho foi registrado na Rua Presidente Kennedy, em Frederico Westphalen. Dois funcion\u00e1rios de uma obra ficaram suspensos, ap\u00f3s o rompimento de um andaime entre o quinto e sexto andar da constru\u00e7\u00e3o.&nbsp;<\/p>\n<p style=\"text-align: justify;\">A equipe do Samu, Brigada Militar e Corpo de Bombeiros atenderam a ocorr\u00eancia e auxiliaram no resgate dos funcion\u00e1rios que, felizmente, n\u00e3o apresentaram graves ferimentos. &nbsp;Ap\u00f3s o resgate, as v\u00edtimas foram encaminhadas para o Hospital Divina Provid\u00eancia para atendimento m\u00e9dico.&nbsp;<\/p>","protected":false},"excerpt":{"rendered":"<p>Por volta das 17h desta quarta-feira, 23, um acidente de trabalho foi registrado na Rua Presidente Kennedy, em Frederico Westphalen. Dois funcion\u00e1rios de uma obra ficaram suspensos, ap\u00f3s o rompimento de um andaime entre o quinto e sexto andar da constru\u00e7\u00e3o.&nbsp; A equipe do Samu, Brigada Militar e Corpo de Bombeiros atenderam a ocorr\u00eancia e<\/p>\n<div class=\"read-more-wrapper\"><a class=\"read-more\" href=\"https:\/\/www2.comunitaria.com.br\/en\/andaime-rompe-e-dois-funcionarios-ficam-suspensos-em-fw\/\" title=\"Read More\"> <span class=\"button\">Read More<\/span><\/a><\/div>","protected":false},"author":2,"featured_media":28180,"comment_status":"open","ping_status":"closed","sticky":false,"template":"","format":"standard","meta":{"ngg_post_thumbnail":0,"footnotes":""},"categories":[42,28,33,36],"tags":[96,367,82,86,123],"class_list":["post-28179","post","type-post","status-publish","format-standard","has-post-thumbnail","hentry","category-fred-west","category-destaque","category-noticias","category-policia","tag-acidente","tag-bombeiros","tag-frederico-westphalen","tag-regiao-2","tag-samu"],"amp_enabled":true,"_links":{"self":[{"href":"https:\/\/www2.comunitaria.com.br\/en\/wp-json\/wp\/v2\/posts\/28179","targetHints":{"allow":["GET"]}}],"collection":[{"href":"https:\/\/www2.comunitaria.com.br\/en\/wp-json\/wp\/v2\/posts"}],"about":[{"href":"https:\/\/www2.comunitaria.com.br\/en\/wp-json\/wp\/v2\/types\/post"}],"author":[{"embeddable":true,"href":"https:\/\/www2.comunitaria.com.br\/en\/wp-json\/wp\/v2\/users\/2"}],"replies":[{"embeddable":true,"href":"https:\/\/www2.comunitaria.com.br\/en\/wp-json\/wp\/v2\/comments?post=28179"}],"version-history":[{"count":0,"href":"https:\/\/www2.comunitaria.com.br\/en\/wp-json\/wp\/v2\/posts\/28179\/revisions"}],"wp:featuredmedia":[{"embeddable":true,"href":"https:\/\/www2.comunitaria.com.br\/en\/wp-json\/wp\/v2\/media\/28180"}],"wp:attachment":[{"href":"https:\/\/www2.comunitaria.com.br\/en\/wp-json\/wp\/v2\/media?parent=28179"}],"wp:term":[{"taxonomy":"category","embeddable":true,"href":"https:\/\/www2.comunitaria.com.br\/en\/wp-json\/wp\/v2\/categories?post=28179"},{"taxonomy":"post_tag","embeddable":true,"href":"https:\/\/www2.comunitaria.com.br\/en\/wp-json\/wp\/v2\/tags?post=28179"}],"curies":[{"name":"wp","href":"https:\/\/api.w.org\/{rel}","templated":true}]}}