{"id":28105,"date":"2017-08-21T17:43:25","date_gmt":"2017-08-21T19:43:25","guid":{"rendered":"http:\/\/www2.comunitaria.com.br\/?p=28105"},"modified":"2017-08-21T17:43:25","modified_gmt":"2017-08-21T19:43:25","slug":"sicredi-consorcios-entrega-mais-de-r-185-mil-em-fundos-de-reserva","status":"publish","type":"post","link":"https:\/\/www2.comunitaria.com.br\/en\/sicredi-consorcios-entrega-mais-de-r-185-mil-em-fundos-de-reserva\/","title":{"rendered":"Sicredi Cons\u00f3rcios entrega mais de R$ 185 mil em Fundos de Reserva"},"content":{"rendered":"<p style=\"text-align: justify;\">O primeiro semestre deste ano foi marcado pela devolu\u00e7\u00e3o de mais R$ 185 mil reais para 276 associados da Sicredi Alto Uruguai RS\/SC. Foi o que aconteceu com os associados Eduardo Manfio, de Erval Seco, Jani Manuel da Rosa de Cai\u00e7ara e Tania Cargnin, de Frederico Westpahlen, que receberam seus cheques simb\u00f3licos com o valor devolvido.<\/p>\n<p style=\"text-align: justify;\">Quando o grupo de cons\u00f3rciosn\u00e3o utiliza o Fundo de Reserva, o valor deste fundo, que j\u00e1 est\u00e1 inclu\u00eddo no valor das parcelas, \u00e9 devolvido. Os consorciados recebem o percentual que foi pago ao longo do per\u00edodo, tornando assim o custo final do seu cons\u00f3rcio, ainda menor em rela\u00e7\u00e3o ao praticado no mercado.<\/p>\n<p style=\"text-align: justify;\">Al\u00e9m do diferencial de devolu\u00e7\u00e3o do fundo de reserva aos associados, os Cons\u00f3rcios disponibilizados pelo Sicredi s\u00e3o uma \u00f3tima op\u00e7\u00e3o para o consumidor frente a alta dos juros nos financiamentos, j\u00e1 que neste produto n\u00e3o h\u00e1 incid\u00eancia de juros e apenas taxa de administra\u00e7\u00e3o com percentual baixo. Osvalores das parcelas s\u00e3o de acordo com a necessidade do associado eh\u00e1 um elevado n\u00famero de contempla\u00e7\u00f5es mensais nos grupos.<\/p>\n<p style=\"text-align: justify;\">O Sicredi oferece planos de cons\u00f3rcio sob medida para seus associados, disponibilizando cotas nos segmentos de autom\u00f3veis, motocicletas, tratores e implementos agr\u00edcolas, im\u00f3veis, servi\u00e7os e recentemente o cons\u00f3rcio sustent\u00e1vel para aquisi\u00e7\u00e3o de equipamentos ecoeficientes.&nbsp;<\/p>\n<p style=\"text-align: justify;\">\u201cA credibilidade dos nossos cons\u00f3rcios pode ser comprovada atrav\u00e9s dos destaques nacionais recebidos, figurando como uma das maiores administradoras de cons\u00f3rcios e como l\u00edder nacional em cons\u00f3rcios de servi\u00e7os\u201d, afirmou o diretor de neg\u00f3cios da Sicredi Alto Uruguai RS\/SC, Marcio Girardi.<\/p>\n<p style=\"text-align: justify;\"><strong>Entenda:<\/strong><\/p>\n<p style=\"text-align: justify;\">O Fundo de Reservas tem o objetivo de garantir as contempla\u00e7\u00f5es dos grupos de cons\u00f3rcios caso haja inadimplentes. No Sicredi, como o produto s\u00f3 \u00e9 disponibilizado aos seus associados, \u00e9 a\u00ed que come\u00e7a a diferen\u00e7a, pois o nosso \u00edndice de inadimpl\u00eancia \u00e9 muito inferior ao praticado no mercado, sendo que, caso haja algum consorciado desistente no andamento do seu grupo, rapidamente um outro associado entra para participar, n\u00e3o ficando o grupo desassistido das contribui\u00e7\u00f5es mensais.<\/p>\n\n\t\t<style>\n\t\t\t#gallery-1 {\n\t\t\t\tmargin: auto;\n\t\t\t}\n\t\t\t#gallery-1 .gallery-item {\n\t\t\t\tfloat: left;\n\t\t\t\tmargin-top: 10px;\n\t\t\t\ttext-align: center;\n\t\t\t\twidth: 33%;\n\t\t\t}\n\t\t\t#gallery-1 img {\n\t\t\t\tborder: 2px solid #cfcfcf;\n\t\t\t}\n\t\t\t#gallery-1 .gallery-caption {\n\t\t\t\tmargin-left: 0;\n\t\t\t}\n\t\t\t\/* see gallery_shortcode() in wp-includes\/media.php *\/\n\t\t<\/style>\n\t\t<div id='gallery-1' class='gallery galleryid-28105 gallery-columns-3 gallery-size-thumbnail'><dl class='gallery-item'>\n\t\t\t<dt class='gallery-icon landscape'>\n\t\t\t\t<a href='https:\/\/www2.comunitaria.com.br\/en\/sicredi-consorcios-entrega-mais-de-r-185-mil-em-fundos-de-reserva\/04-49\/'><img loading=\"lazy\" decoding=\"async\" width=\"150\" height=\"150\" src=\"https:\/\/www2.comunitaria.com.br\/wp-content\/uploads\/2017\/08\/04-150x150.png\" class=\"attachment-thumbnail size-thumbnail\" alt=\"\" srcset=\"https:\/\/www2.comunitaria.com.br\/wp-content\/uploads\/2017\/08\/04-150x150.png 150w, https:\/\/www2.comunitaria.com.br\/wp-content\/uploads\/2017\/08\/04-65x65.png 65w\" sizes=\"auto, (max-width: 150px) 100vw, 150px\" \/><\/a>\n\t\t\t<\/dt><\/dl><dl class='gallery-item'>\n\t\t\t<dt class='gallery-icon landscape'>\n\t\t\t\t<a href='https:\/\/www2.comunitaria.com.br\/en\/sicredi-consorcios-entrega-mais-de-r-185-mil-em-fundos-de-reserva\/03-77\/'><img loading=\"lazy\" decoding=\"async\" width=\"150\" height=\"150\" src=\"https:\/\/www2.comunitaria.com.br\/wp-content\/uploads\/2017\/08\/03-150x150.jpg\" class=\"attachment-thumbnail size-thumbnail\" alt=\"\" srcset=\"https:\/\/www2.comunitaria.com.br\/wp-content\/uploads\/2017\/08\/03-150x150.jpg 150w, https:\/\/www2.comunitaria.com.br\/wp-content\/uploads\/2017\/08\/03-65x65.jpg 65w\" sizes=\"auto, (max-width: 150px) 100vw, 150px\" \/><\/a>\n\t\t\t<\/dt><\/dl><dl class='gallery-item'>\n\t\t\t<dt class='gallery-icon landscape'>\n\t\t\t\t<a href='https:\/\/www2.comunitaria.com.br\/en\/sicredi-consorcios-entrega-mais-de-r-185-mil-em-fundos-de-reserva\/02-140\/'><img loading=\"lazy\" decoding=\"async\" width=\"150\" height=\"150\" src=\"https:\/\/www2.comunitaria.com.br\/wp-content\/uploads\/2017\/08\/02-150x150.jpg\" class=\"attachment-thumbnail size-thumbnail\" alt=\"\" srcset=\"https:\/\/www2.comunitaria.com.br\/wp-content\/uploads\/2017\/08\/02-150x150.jpg 150w, https:\/\/www2.comunitaria.com.br\/wp-content\/uploads\/2017\/08\/02-65x65.jpg 65w\" sizes=\"auto, (max-width: 150px) 100vw, 150px\" \/><\/a>\n\t\t\t<\/dt><\/dl><br style=\"clear: both\" \/>\n\t\t<\/div>","protected":false},"excerpt":{"rendered":"<p>O primeiro semestre deste ano foi marcado pela devolu\u00e7\u00e3o de mais R$ 185 mil reais para 276 associados da Sicredi Alto Uruguai RS\/SC. Foi o que aconteceu com os associados&#8230;<\/p>","protected":false},"author":2,"featured_media":28106,"comment_status":"open","ping_status":"closed","sticky":false,"template":"","format":"standard","meta":{"ngg_post_thumbnail":0,"footnotes":""},"categories":[33,43],"tags":[],"class_list":["post-28105","post","type-post","status-publish","format-standard","has-post-thumbnail","hentry","category-noticias","category-regiao"],"amp_enabled":true,"_links":{"self":[{"href":"https:\/\/www2.comunitaria.com.br\/en\/wp-json\/wp\/v2\/posts\/28105","targetHints":{"allow":["GET"]}}],"collection":[{"href":"https:\/\/www2.comunitaria.com.br\/en\/wp-json\/wp\/v2\/posts"}],"about":[{"href":"https:\/\/www2.comunitaria.com.br\/en\/wp-json\/wp\/v2\/types\/post"}],"author":[{"embeddable":true,"href":"https:\/\/www2.comunitaria.com.br\/en\/wp-json\/wp\/v2\/users\/2"}],"replies":[{"embeddable":true,"href":"https:\/\/www2.comunitaria.com.br\/en\/wp-json\/wp\/v2\/comments?post=28105"}],"version-history":[{"count":0,"href":"https:\/\/www2.comunitaria.com.br\/en\/wp-json\/wp\/v2\/posts\/28105\/revisions"}],"wp:featuredmedia":[{"embeddable":true,"href":"https:\/\/www2.comunitaria.com.br\/en\/wp-json\/wp\/v2\/media\/28106"}],"wp:attachment":[{"href":"https:\/\/www2.comunitaria.com.br\/en\/wp-json\/wp\/v2\/media?parent=28105"}],"wp:term":[{"taxonomy":"category","embeddable":true,"href":"https:\/\/www2.comunitaria.com.br\/en\/wp-json\/wp\/v2\/categories?post=28105"},{"taxonomy":"post_tag","embeddable":true,"href":"https:\/\/www2.comunitaria.com.br\/en\/wp-json\/wp\/v2\/tags?post=28105"}],"curies":[{"name":"wp","href":"https:\/\/api.w.org\/{rel}","templated":true}]}}