{"id":28015,"date":"2017-08-16T10:54:52","date_gmt":"2017-08-16T12:54:52","guid":{"rendered":"http:\/\/www2.comunitaria.com.br\/?p=28015"},"modified":"2017-08-16T10:54:52","modified_gmt":"2017-08-16T12:54:52","slug":"fw-e-alpestre-recebem-atividades-da-semana-estadual-da-juventude","status":"publish","type":"post","link":"https:\/\/www2.comunitaria.com.br\/en\/fw-e-alpestre-recebem-atividades-da-semana-estadual-da-juventude\/","title":{"rendered":"FW e Alpestre recebem atividades da Semana Estadual da Juventude"},"content":{"rendered":"<p style=\"text-align: justify;\">A manh\u00e3 e tarde desta ter\u00e7a-feira, 15, foram marcadas por atividades&nbsp;da Semana Estadual da Juventude, em Frederico Westphalen e Alpestre. Em FW, a atividade foi realizada na Escola Nossa Senhora de F\u00e1tima e, na ocasi\u00e3o, estiveram presentes diferentes lideran\u00e7as.&nbsp;<span class=\"text_exposed_show\">&nbsp;<\/span>O evento foi marcado pelo lan\u00e7amento do ID Jovem e pelo bate papo sobre tem\u00e1ticas relacionadas a juventude com o rapper Rafa, integrante do grupo Rafuagi.&nbsp;A programa\u00e7\u00e3o reuniu centenas de estudantes.&nbsp;<\/p>\n<div class=\"text_exposed_show\">\n<p style=\"text-align: justify;\">Em Alpestre&nbsp;foram realizadas oficinas de graffiti em frente a Prefeitura Municipal, aula de dan\u00e7a, lan\u00e7amento do ID Jovem e bate-papo&nbsp;com o rapper Rafa.&nbsp;As atividades&nbsp;foram realizadas pela&nbsp;CUFA\/FW, &nbsp;Departamento de Politicas para a Juventude\/RS e Governo do Estado.&nbsp;<\/p>\n<div class=\"text_exposed_show\">&nbsp;<\/div>\n<\/div>","protected":false},"excerpt":{"rendered":"<p>A manh\u00e3 e tarde desta ter\u00e7a-feira, 15, foram marcadas por atividades&nbsp;da Semana Estadual da Juventude, em Frederico Westphalen e Alpestre. Em FW, a atividade foi realizada na Escola Nossa Senhora de F\u00e1tima e, na ocasi\u00e3o, estiveram presentes diferentes lideran\u00e7as.&nbsp;&nbsp;O evento foi marcado pelo lan\u00e7amento do ID Jovem e pelo bate papo sobre tem\u00e1ticas relacionadas a<\/p>\n<div class=\"read-more-wrapper\"><a class=\"read-more\" href=\"https:\/\/www2.comunitaria.com.br\/en\/fw-e-alpestre-recebem-atividades-da-semana-estadual-da-juventude\/\" title=\"Read More\"> <span class=\"button\">Read More<\/span><\/a><\/div>","protected":false},"author":2,"featured_media":28018,"comment_status":"open","ping_status":"closed","sticky":false,"template":"","format":"standard","meta":{"ngg_post_thumbnail":0,"footnotes":""},"categories":[3593,44,42,100,33,43,35],"tags":[1523,81,2468,82,3120,288,86,3119,1165],"class_list":["post-28015","post","type-post","status-publish","format-standard","has-post-thumbnail","hentry","category-cultura","category-educacao","category-fred-west","category-musica","category-noticias","category-regiao","category-variedades","tag-acao","tag-alpestre","tag-cufafw","tag-frederico-westphalen","tag-juventude","tag-programacao","tag-regiao-2","tag-semana-estadual-da-juventude","tag-variedades"],"amp_enabled":true,"_links":{"self":[{"href":"https:\/\/www2.comunitaria.com.br\/en\/wp-json\/wp\/v2\/posts\/28015","targetHints":{"allow":["GET"]}}],"collection":[{"href":"https:\/\/www2.comunitaria.com.br\/en\/wp-json\/wp\/v2\/posts"}],"about":[{"href":"https:\/\/www2.comunitaria.com.br\/en\/wp-json\/wp\/v2\/types\/post"}],"author":[{"embeddable":true,"href":"https:\/\/www2.comunitaria.com.br\/en\/wp-json\/wp\/v2\/users\/2"}],"replies":[{"embeddable":true,"href":"https:\/\/www2.comunitaria.com.br\/en\/wp-json\/wp\/v2\/comments?post=28015"}],"version-history":[{"count":0,"href":"https:\/\/www2.comunitaria.com.br\/en\/wp-json\/wp\/v2\/posts\/28015\/revisions"}],"wp:featuredmedia":[{"embeddable":true,"href":"https:\/\/www2.comunitaria.com.br\/en\/wp-json\/wp\/v2\/media\/28018"}],"wp:attachment":[{"href":"https:\/\/www2.comunitaria.com.br\/en\/wp-json\/wp\/v2\/media?parent=28015"}],"wp:term":[{"taxonomy":"category","embeddable":true,"href":"https:\/\/www2.comunitaria.com.br\/en\/wp-json\/wp\/v2\/categories?post=28015"},{"taxonomy":"post_tag","embeddable":true,"href":"https:\/\/www2.comunitaria.com.br\/en\/wp-json\/wp\/v2\/tags?post=28015"}],"curies":[{"name":"wp","href":"https:\/\/api.w.org\/{rel}","templated":true}]}}