{"id":27982,"date":"2017-08-15T10:02:53","date_gmt":"2017-08-15T12:02:53","guid":{"rendered":"http:\/\/www2.comunitaria.com.br\/?p=27982"},"modified":"2017-08-15T10:02:53","modified_gmt":"2017-08-15T12:02:53","slug":"diogo-duarte-assume-temporariamente-a-prefeitura-de-fw","status":"publish","type":"post","link":"https:\/\/www2.comunitaria.com.br\/en\/diogo-duarte-assume-temporariamente-a-prefeitura-de-fw\/","title":{"rendered":"Diogo Duarte assume temporariamente a prefeitura de FW"},"content":{"rendered":"<p style=\"text-align: justify;\">O vice-prefeito Diogo Duarte estar\u00e1 \u00e0 frente da prefeitura de Frederico Westphalen at\u00e9 a pr\u00f3xima semana. Segundo informa\u00e7\u00f5es repassadas, o prefeito Jos\u00e9 Alberto Panosso pediu licen\u00e7a de suas fun\u00e7\u00f5es por motivos particulares, &nbsp;e n\u00e3o estar\u00e1 no comando do poder executivo nos pr\u00f3ximos dias.&nbsp;<\/p>\n<p style=\"text-align: justify;\">Esta n\u00e3o \u00e9 a primeira vez que Diogo assume a prefeitura, no come\u00e7o deste ano j\u00e1 desempenhou tal fun\u00e7\u00e3o.&nbsp;<\/p>\n<p style=\"text-align: justify;\">&nbsp;<\/p>\n<p style=\"text-align: justify;\">Foto: Divulga\u00e7\u00e3o\/Arquivo<\/p>","protected":false},"excerpt":{"rendered":"<p>O vice-prefeito Diogo Duarte estar\u00e1 \u00e0 frente da prefeitura de Frederico Westphalen at\u00e9 a pr\u00f3xima semana. Segundo informa\u00e7\u00f5es repassadas, o prefeito Jos\u00e9 Alberto Panosso pediu licen\u00e7a de suas fun\u00e7\u00f5es por&#8230;<\/p>","protected":false},"author":2,"featured_media":27984,"comment_status":"open","ping_status":"closed","sticky":false,"template":"","format":"standard","meta":{"ngg_post_thumbnail":0,"footnotes":""},"categories":[39,46,42,33,38,43],"tags":[3614,82,1079,3613],"class_list":["post-27982","post","type-post","status-publish","format-standard","has-post-thumbnail","hentry","category-economia","category-estado","category-fred-west","category-noticias","category-politica","category-regiao","tag-diogo-duarte","tag-frederico-westphalen","tag-politica","tag-prefeitura-fw"],"amp_enabled":true,"_links":{"self":[{"href":"https:\/\/www2.comunitaria.com.br\/en\/wp-json\/wp\/v2\/posts\/27982","targetHints":{"allow":["GET"]}}],"collection":[{"href":"https:\/\/www2.comunitaria.com.br\/en\/wp-json\/wp\/v2\/posts"}],"about":[{"href":"https:\/\/www2.comunitaria.com.br\/en\/wp-json\/wp\/v2\/types\/post"}],"author":[{"embeddable":true,"href":"https:\/\/www2.comunitaria.com.br\/en\/wp-json\/wp\/v2\/users\/2"}],"replies":[{"embeddable":true,"href":"https:\/\/www2.comunitaria.com.br\/en\/wp-json\/wp\/v2\/comments?post=27982"}],"version-history":[{"count":0,"href":"https:\/\/www2.comunitaria.com.br\/en\/wp-json\/wp\/v2\/posts\/27982\/revisions"}],"wp:featuredmedia":[{"embeddable":true,"href":"https:\/\/www2.comunitaria.com.br\/en\/wp-json\/wp\/v2\/media\/27984"}],"wp:attachment":[{"href":"https:\/\/www2.comunitaria.com.br\/en\/wp-json\/wp\/v2\/media?parent=27982"}],"wp:term":[{"taxonomy":"category","embeddable":true,"href":"https:\/\/www2.comunitaria.com.br\/en\/wp-json\/wp\/v2\/categories?post=27982"},{"taxonomy":"post_tag","embeddable":true,"href":"https:\/\/www2.comunitaria.com.br\/en\/wp-json\/wp\/v2\/tags?post=27982"}],"curies":[{"name":"wp","href":"https:\/\/api.w.org\/{rel}","templated":true}]}}