{"id":27937,"date":"2017-08-10T12:56:14","date_gmt":"2017-08-10T14:56:14","guid":{"rendered":"http:\/\/www2.comunitaria.com.br\/?p=27937"},"modified":"2017-08-10T12:56:15","modified_gmt":"2017-08-10T14:56:15","slug":"estacionamento-rotativo-deve-ser-implantado-nos-proximos-meses-em-fw","status":"publish","type":"post","link":"https:\/\/www2.comunitaria.com.br\/en\/estacionamento-rotativo-deve-ser-implantado-nos-proximos-meses-em-fw\/","title":{"rendered":"Estacionamento Rotativo deve ser implantado nos pr\u00f3ximos meses em FW"},"content":{"rendered":"<p style=\"text-align: justify;\">Ap\u00f3s ser aprovada em julho de 2016, o projeto de lei que disp\u00f5e sobre a implanta\u00e7\u00e3o do estacionamento rotativo pago em Frederico Westphalen voltar\u00e1 aos debates da C\u00e2mara de Vereadores. Novas altera\u00e7\u00f5es estar\u00e3o no projeto que a prefeitura considera o passo final para o inicio do estacionamento rotativo, tal encaminhamento deve chegar ao legislativo j\u00e1 na pr\u00f3xima semana.<\/p>\n<p style=\"text-align: justify;\">No entanto, alguns detalhes importantes j\u00e1 est\u00e3o definido, como por exemplo, o pre\u00e7o&nbsp; que ser\u00e1 cobrado e as ruas que far\u00e3o parte da \u201c\u00e1rea azul\u201d. Fica estabelecido que o valor cobrado por 30 minutos de estacionamento ser\u00e1 de R$1, e de R$2 para uma hora. O per\u00edodo m\u00e1ximo de perman\u00eancia ser\u00e1 de duas horas. As cobran\u00e7as acontecer\u00e3o de segunda a sexta-feira, das 8h30min \u00e0s 12 horas, 13h30min \u00e0s 18 horas, e s\u00e1bado de manh\u00e3, das 8 horas \u00e0s 12 horas. O valor das infra\u00e7\u00f5es para quem n\u00e3o utilizar o ticket ou exceder o hor\u00e1rio adquirido ser\u00e1 de R$ 12.<\/p>\n<p><strong>Ao todo Nove ruas receber\u00e3o a marca\u00e7\u00f5es de estacionamento rotativo, s\u00e3o elas:<a href=\"http:\/\/www2.comunitaria.com.br\/en\/estacionamento-rotativo-deve-ser-implantado-nos-proximos-meses-em-fw\/mapa-ok\/\" rel=\"attachment wp-att-27939\"><img loading=\"lazy\" decoding=\"async\" class=\"wp-image-27939 alignright\" src=\"http:\/\/www2.comunitaria.com.br\/wp-content\/uploads\/2017\/08\/MAPA-OK.png\" alt=\"\" width=\"424\" height=\"536\" srcset=\"https:\/\/www2.comunitaria.com.br\/wp-content\/uploads\/2017\/08\/MAPA-OK.png 1571w, https:\/\/www2.comunitaria.com.br\/wp-content\/uploads\/2017\/08\/MAPA-OK-237x300.png 237w, https:\/\/www2.comunitaria.com.br\/wp-content\/uploads\/2017\/08\/MAPA-OK-768x971.png 768w, https:\/\/www2.comunitaria.com.br\/wp-content\/uploads\/2017\/08\/MAPA-OK-810x1024.png 810w\" sizes=\"auto, (max-width: 424px) 100vw, 424px\" \/><\/a> <\/strong><\/p>\n<p>Rua do Com\u00e9rcio, entre a rua Miguel Couto (ACI) at\u00e9 a rua Leoveraldo Fortes (Sep\u00e9 Tiaraju)<\/p>\n<p>Rua Monsenhor Vitor Battistella entre a rua Maur\u00edcio Cardoso at\u00e9 a rua Tenente Portela<\/p>\n<p>Rua Tenente Lira, entre a rua Apar\u00edcio Borges e a rua Miguel Couto<\/p>\n<p>Rua Presidente Kennedy, entre a rua Apar\u00edcio Borges e a Miguel Couto<\/p>\n<p>Rua Alfredo Haubert, entre a rua do Com\u00e9rcio e Miguel Couto<\/p>\n<p>Rua Jos\u00e9 Ca\u00f1ellas entre a rua Apar\u00edcio Borges e rua do Com\u00e9rcio<\/p>\n<p>Rua Maur\u00edcio Cardoso entre a rua Arthur Milani at\u00e9 a rua do Com\u00e9rcio<\/p>\n<p>Rua Arthur Milani entre a rua Maur\u00edcio Cardoso at\u00e9 a rua Miguel Couto<\/p>\n<p>Rua Tenente Portela entre a rua Apar\u00edcio Borges at\u00e9 a rua Miguel Couto<\/p>\n<p>Na manh\u00e3 desta quinta-feira, 10, o secret\u00e1rio de planejamento, Alexandre Martinazzo, concedeu entrevista \u00e0 R\u00e1dio Comunit\u00e1ria e esclareceu d\u00favidas sobre a implanta\u00e7\u00e3o do novo sistema no tr\u00e2nsito frederiquense:&nbsp;<\/p>\n<p><iframe loading=\"lazy\" src=\"https:\/\/w.soundcloud.com\/player\/?url=https%3A\/\/api.soundcloud.com\/tracks\/337298932&amp;color=ff5500&amp;auto_play=false&amp;hide_related=false&amp;show_comments=true&amp;show_user=true&amp;show_reposts=false\" width=\"100%\" height=\"166\" frameborder=\"no\" scrolling=\"no\"><\/iframe><\/p>","protected":false},"excerpt":{"rendered":"<p>Ap\u00f3s ser aprovada em julho de 2016, o projeto de lei que disp\u00f5e sobre a implanta\u00e7\u00e3o do estacionamento rotativo pago em Frederico Westphalen voltar\u00e1 aos debates da C\u00e2mara de Vereadores. Novas altera\u00e7\u00f5es estar\u00e3o no projeto que a prefeitura considera o passo final para o inicio do estacionamento rotativo, tal encaminhamento deve chegar ao legislativo j\u00e1<\/p>\n<div class=\"read-more-wrapper\"><a class=\"read-more\" href=\"https:\/\/www2.comunitaria.com.br\/en\/estacionamento-rotativo-deve-ser-implantado-nos-proximos-meses-em-fw\/\" title=\"Read More\"> <span class=\"button\">Read More<\/span><\/a><\/div>","protected":false},"author":2,"featured_media":27941,"comment_status":"open","ping_status":"closed","sticky":false,"template":"","format":"standard","meta":{"ngg_post_thumbnail":0,"footnotes":""},"categories":[51,42,28,33,3598],"tags":[353,1623,82,426],"class_list":["post-27937","post","type-post","status-publish","format-standard","has-post-thumbnail","hentry","category-audio","category-fred-west","category-destaque","category-noticias","category-transito","tag-estacionamento","tag-estacionamento-rotativo","tag-frederico-westphalen","tag-transito"],"amp_enabled":true,"_links":{"self":[{"href":"https:\/\/www2.comunitaria.com.br\/en\/wp-json\/wp\/v2\/posts\/27937","targetHints":{"allow":["GET"]}}],"collection":[{"href":"https:\/\/www2.comunitaria.com.br\/en\/wp-json\/wp\/v2\/posts"}],"about":[{"href":"https:\/\/www2.comunitaria.com.br\/en\/wp-json\/wp\/v2\/types\/post"}],"author":[{"embeddable":true,"href":"https:\/\/www2.comunitaria.com.br\/en\/wp-json\/wp\/v2\/users\/2"}],"replies":[{"embeddable":true,"href":"https:\/\/www2.comunitaria.com.br\/en\/wp-json\/wp\/v2\/comments?post=27937"}],"version-history":[{"count":0,"href":"https:\/\/www2.comunitaria.com.br\/en\/wp-json\/wp\/v2\/posts\/27937\/revisions"}],"wp:featuredmedia":[{"embeddable":true,"href":"https:\/\/www2.comunitaria.com.br\/en\/wp-json\/wp\/v2\/media\/27941"}],"wp:attachment":[{"href":"https:\/\/www2.comunitaria.com.br\/en\/wp-json\/wp\/v2\/media?parent=27937"}],"wp:term":[{"taxonomy":"category","embeddable":true,"href":"https:\/\/www2.comunitaria.com.br\/en\/wp-json\/wp\/v2\/categories?post=27937"},{"taxonomy":"post_tag","embeddable":true,"href":"https:\/\/www2.comunitaria.com.br\/en\/wp-json\/wp\/v2\/tags?post=27937"}],"curies":[{"name":"wp","href":"https:\/\/api.w.org\/{rel}","templated":true}]}}