{"id":27925,"date":"2017-08-10T09:56:00","date_gmt":"2017-08-10T11:56:00","guid":{"rendered":"http:\/\/www2.comunitaria.com.br\/?p=27925"},"modified":"2017-08-10T09:59:08","modified_gmt":"2017-08-10T11:59:08","slug":"jovem-morrem-em-acidente-na-br-386-em-seberi","status":"publish","type":"post","link":"https:\/\/www2.comunitaria.com.br\/en\/jovem-morrem-em-acidente-na-br-386-em-seberi\/","title":{"rendered":"Jovem morre em acidente na BR 386 em Seberi"},"content":{"rendered":"<div id=\"attachment_27927\" style=\"width: 214px\" class=\"wp-caption alignright\"><a href=\"http:\/\/www2.comunitaria.com.br\/en\/jovem-morrem-em-acidente-na-br-386-em-seberi\/13055303_10201717641340470_7576790133433036616_n\/\" rel=\"attachment wp-att-27927\"><img loading=\"lazy\" decoding=\"async\" aria-describedby=\"caption-attachment-27927\" class=\"wp-image-27927\" src=\"http:\/\/www2.comunitaria.com.br\/wp-content\/uploads\/2017\/08\/13055303_10201717641340470_7576790133433036616_n.jpg\" alt=\"\" width=\"204\" height=\"204\" srcset=\"https:\/\/www2.comunitaria.com.br\/wp-content\/uploads\/2017\/08\/13055303_10201717641340470_7576790133433036616_n.jpg 584w, https:\/\/www2.comunitaria.com.br\/wp-content\/uploads\/2017\/08\/13055303_10201717641340470_7576790133433036616_n-150x150.jpg 150w, https:\/\/www2.comunitaria.com.br\/wp-content\/uploads\/2017\/08\/13055303_10201717641340470_7576790133433036616_n-300x300.jpg 300w, https:\/\/www2.comunitaria.com.br\/wp-content\/uploads\/2017\/08\/13055303_10201717641340470_7576790133433036616_n-65x65.jpg 65w\" sizes=\"auto, (max-width: 204px) 100vw, 204px\" \/><\/a><p id=\"caption-attachment-27927\" class=\"wp-caption-text\">Foto: Divulga\u00e7\u00e3o\/Arquivo Pessoal<\/p><\/div>\n<p style=\"text-align: justify;\">Na madrugada desta quinta-feira, 10, um acidente registrado no km 45 da BR 386, em Seberi, deixou uma v\u00edtima fatal. A colis\u00e3o envolveu um&nbsp;Volkswagen\/Gol, placas de Seberi, e um caminh\u00e3o emplacado em Matel\u00e2ndia\/PR. O motorista do carro, Jader Azzulin, de 22 anos, n\u00e3o resistiu aos ferimentos e faleceu no local.&nbsp;<\/p>\n<p style=\"text-align: justify;\">O Corpo de Bombeiros de Frederico Westphalen atendeu a ocorr\u00eancia e retirou a v\u00edtima das ferragens. O condutor do caminh\u00e3o foi submetido ao teste do etil\u00f4metro, que teve resultado negativo para embriaguez.&nbsp;<\/p>\n<p style=\"text-align: justify;\"><em>Foto: PRF<\/em><\/p>","protected":false},"excerpt":{"rendered":"<p>Na madrugada desta quinta-feira, 10, um acidente registrado no km 45 da BR 386, em Seberi, deixou uma v\u00edtima fatal. A colis\u00e3o envolveu um&nbsp;Volkswagen\/Gol, placas de Seberi, e um caminh\u00e3o emplacado em Matel\u00e2ndia\/PR. O motorista do carro, Jader Azzulin, de 22 anos, n\u00e3o resistiu aos ferimentos e faleceu no local.&nbsp; O Corpo de Bombeiros de<\/p>\n<div class=\"read-more-wrapper\"><a class=\"read-more\" href=\"https:\/\/www2.comunitaria.com.br\/en\/jovem-morrem-em-acidente-na-br-386-em-seberi\/\" title=\"Read More\"> <span class=\"button\">Read More<\/span><\/a><\/div>","protected":false},"author":2,"featured_media":27926,"comment_status":"open","ping_status":"closed","sticky":false,"template":"","format":"standard","meta":{"ngg_post_thumbnail":0,"footnotes":""},"categories":[42,28,33,36,43,3598],"tags":[96,86,263,426],"class_list":["post-27925","post","type-post","status-publish","format-standard","has-post-thumbnail","hentry","category-fred-west","category-destaque","category-noticias","category-policia","category-regiao","category-transito","tag-acidente","tag-regiao-2","tag-seberi","tag-transito"],"amp_enabled":true,"_links":{"self":[{"href":"https:\/\/www2.comunitaria.com.br\/en\/wp-json\/wp\/v2\/posts\/27925","targetHints":{"allow":["GET"]}}],"collection":[{"href":"https:\/\/www2.comunitaria.com.br\/en\/wp-json\/wp\/v2\/posts"}],"about":[{"href":"https:\/\/www2.comunitaria.com.br\/en\/wp-json\/wp\/v2\/types\/post"}],"author":[{"embeddable":true,"href":"https:\/\/www2.comunitaria.com.br\/en\/wp-json\/wp\/v2\/users\/2"}],"replies":[{"embeddable":true,"href":"https:\/\/www2.comunitaria.com.br\/en\/wp-json\/wp\/v2\/comments?post=27925"}],"version-history":[{"count":0,"href":"https:\/\/www2.comunitaria.com.br\/en\/wp-json\/wp\/v2\/posts\/27925\/revisions"}],"wp:featuredmedia":[{"embeddable":true,"href":"https:\/\/www2.comunitaria.com.br\/en\/wp-json\/wp\/v2\/media\/27926"}],"wp:attachment":[{"href":"https:\/\/www2.comunitaria.com.br\/en\/wp-json\/wp\/v2\/media?parent=27925"}],"wp:term":[{"taxonomy":"category","embeddable":true,"href":"https:\/\/www2.comunitaria.com.br\/en\/wp-json\/wp\/v2\/categories?post=27925"},{"taxonomy":"post_tag","embeddable":true,"href":"https:\/\/www2.comunitaria.com.br\/en\/wp-json\/wp\/v2\/tags?post=27925"}],"curies":[{"name":"wp","href":"https:\/\/api.w.org\/{rel}","templated":true}]}}