{"id":27894,"date":"2017-08-08T10:19:42","date_gmt":"2017-08-08T12:19:42","guid":{"rendered":"http:\/\/www2.comunitaria.com.br\/?p=27894"},"modified":"2017-08-08T10:19:42","modified_gmt":"2017-08-08T12:19:42","slug":"urifw-forma-1a-turma-pronera-de-beneficiarios-credito-fundiario-do-brasil","status":"publish","type":"post","link":"https:\/\/www2.comunitaria.com.br\/en\/urifw-forma-1a-turma-pronera-de-beneficiarios-credito-fundiario-do-brasil\/","title":{"rendered":"URI\/FW forma 1\u00aa turma Pronera de Benefici\u00e1rios Cr\u00e9dito Fundi\u00e1rio do Brasil"},"content":{"rendered":"<p style=\"text-align: justify;\">A Universidade Regional Integrada URI &#8211; C\u00e2mpus Frederico Westphalen, h\u00e1 quatro anos recebeu os primeiros alunos do Programa Nacional de Educa\u00e7\u00e3o na Reforma Agr\u00e1ria \u2013 Pronera Benefici\u00e1rios do Cr\u00e9dito Fundi\u00e1rio como acad\u00eamicos do curso Superior de Tecnologia em Agropecu\u00e1ria e, em 2017, os acad\u00eamicos formaram-se como a primeira turma do curso no Brasil.&nbsp;<\/p>\n<p style=\"text-align: justify;\">O programa prop\u00f5e e apoia projetos de educa\u00e7\u00e3o voltados para o desenvolvimento das \u00e1reas de reforma agr\u00e1ria. E a URI\/FW \u00e9 a primeira Universidade do pa\u00eds a concluir a forma\u00e7\u00e3o de uma turma inicial. A cerim\u00f4nia de formatura da turma do Pronera ser\u00e1 realizada na pr\u00f3xima sexta-feira, 11 de agosto, a partir das 19h, no Sal\u00e3o de Atos da URI\/FW.<\/p>\n<p style=\"text-align: justify;\">Os 29 formandos estar\u00e3o fazendo muito mais que apenas receber o grau de Tecn\u00f3logos em Agropecu\u00e1ria. Entrar\u00e3o para a hist\u00f3ria do Pronera e da Universidade pelo exemplo de dedica\u00e7\u00e3o e busca de conhecimento para fortalecer a atividade rural e a perman\u00eancia no campo.<\/p>\n<p style=\"text-align: justify;\">J\u00e1 est\u00e3o confirmadas as presen\u00e7as do Coordenador Geral de Educa\u00e7\u00e3o do Campo e Cidadania, Sr. de Iradel Freitas da Costa, da Coordenadora Geral Substituta de Educa\u00e7\u00e3o do Campo e Cidadania, Sr.\u00aa Concei\u00e7\u00e3o Coutinho Melo,&nbsp; do Superintendente Regional do Incra no RS, Sr. Andr\u00e9 Bessow e da T\u00e9cnica do Pronera no RS, Sr.\u00aa Camila Frota.<\/p>\n<p><em>Assessoria URI\/FW<\/em><\/p>","protected":false},"excerpt":{"rendered":"<p>A Universidade Regional Integrada URI &#8211; C\u00e2mpus Frederico Westphalen, h\u00e1 quatro anos recebeu os primeiros alunos do Programa Nacional de Educa\u00e7\u00e3o na Reforma Agr\u00e1ria \u2013 Pronera Benefici\u00e1rios do Cr\u00e9dito Fundi\u00e1rio&#8230;<\/p>","protected":false},"author":2,"featured_media":27895,"comment_status":"open","ping_status":"closed","sticky":false,"template":"","format":"standard","meta":{"ngg_post_thumbnail":0,"footnotes":""},"categories":[47,44,42,33],"tags":[1926,1020,413,3607,2999],"class_list":["post-27894","post","type-post","status-publish","format-standard","has-post-thumbnail","hentry","category-brasil","category-educacao","category-fred-west","category-noticias","tag-brasil","tag-curso","tag-educacao-2","tag-pioneirismo","tag-urifw"],"amp_enabled":true,"_links":{"self":[{"href":"https:\/\/www2.comunitaria.com.br\/en\/wp-json\/wp\/v2\/posts\/27894","targetHints":{"allow":["GET"]}}],"collection":[{"href":"https:\/\/www2.comunitaria.com.br\/en\/wp-json\/wp\/v2\/posts"}],"about":[{"href":"https:\/\/www2.comunitaria.com.br\/en\/wp-json\/wp\/v2\/types\/post"}],"author":[{"embeddable":true,"href":"https:\/\/www2.comunitaria.com.br\/en\/wp-json\/wp\/v2\/users\/2"}],"replies":[{"embeddable":true,"href":"https:\/\/www2.comunitaria.com.br\/en\/wp-json\/wp\/v2\/comments?post=27894"}],"version-history":[{"count":0,"href":"https:\/\/www2.comunitaria.com.br\/en\/wp-json\/wp\/v2\/posts\/27894\/revisions"}],"wp:featuredmedia":[{"embeddable":true,"href":"https:\/\/www2.comunitaria.com.br\/en\/wp-json\/wp\/v2\/media\/27895"}],"wp:attachment":[{"href":"https:\/\/www2.comunitaria.com.br\/en\/wp-json\/wp\/v2\/media?parent=27894"}],"wp:term":[{"taxonomy":"category","embeddable":true,"href":"https:\/\/www2.comunitaria.com.br\/en\/wp-json\/wp\/v2\/categories?post=27894"},{"taxonomy":"post_tag","embeddable":true,"href":"https:\/\/www2.comunitaria.com.br\/en\/wp-json\/wp\/v2\/tags?post=27894"}],"curies":[{"name":"wp","href":"https:\/\/api.w.org\/{rel}","templated":true}]}}