{"id":27868,"date":"2017-08-04T13:04:30","date_gmt":"2017-08-04T15:04:30","guid":{"rendered":"http:\/\/www2.comunitaria.com.br\/?p=27868"},"modified":"2017-08-04T13:04:30","modified_gmt":"2017-08-04T15:04:30","slug":"uricom-inicia-na-proxima-semana","status":"publish","type":"post","link":"https:\/\/www2.comunitaria.com.br\/en\/uricom-inicia-na-proxima-semana\/","title":{"rendered":"URICOM inicia na pr\u00f3xima semana"},"content":{"rendered":"<p style=\"text-align: justify;\">A URI\/FW completa 25 anos e comemora junto a comunidade atrav\u00e9s de eventos que demonstram o quanto a Institui\u00e7\u00e3o est\u00e1 inserida em todos os ambientes. Para marcar a data junto a um p\u00fablico muito especial, a Universidade prepara o maior evento acad\u00eamico em 2017. &nbsp;<\/p>\n<p style=\"text-align: justify;\">O URICOM, \u00e9 a realiza\u00e7\u00e3o da Semana Integrada dos Cursos de Gradua\u00e7\u00e3o. Uma semana de muita interdisciplinaridade, inova\u00e7\u00e3o, troca de conhecimentos e aprendizagem. &nbsp;<\/p>\n<p style=\"text-align: justify;\">A abertura ser\u00e1 feita pelo empreendedor social Eduardo Lyra, que ir\u00e1 palestrar sobre \u201cO protagonismo do jovem frente aos desafios do mundo do trabalho\u201d.&nbsp; O evento ser\u00e1 realizado no dia 09 de agosto, no Gin\u00e1sio Itapag\u00e9, \u00e0s 19h. &nbsp;Nos dias 10 e 11, ser\u00e3o realizadas as atividades do Trilha de Carreiras e oficinas e minicursos, no C\u00e2mpus I. A <a href=\"http:\/\/urinet.fw.uri.br\/eventos\/tipoparticipante.php\" target=\"_blank\" rel=\"noopener noreferrer\">&nbsp;inscri\u00e7\u00e3o&nbsp;<\/a>&nbsp;pode ser feito no site da URI\/FW. &nbsp;A programa\u00e7\u00e3o detalhada do evento pode ser conferida clicando <a href=\"http:\/\/www2.comunitaria.com.br\/wp-content\/uploads\/2017\/08\/URICOM2.pdf\" target=\"_blank\" rel=\"noopener noreferrer\">AQUI.&nbsp;<\/a><\/p>\n<p style=\"text-align: justify;\">Na manh\u00e3 desta sexta-feira, 4, os professores Carlos e Marin\u00eas da \u00e1rea da sa\u00fade da Universidade concederam entrevista \u00e0 R\u00e1dio Comunit\u00e1ria. Confira mais informa\u00e7\u00f5es sobre o evento:&nbsp;&nbsp;<\/p>\n<p><iframe loading=\"lazy\" src=\"https:\/\/w.soundcloud.com\/player\/?url=https%3A\/\/api.soundcloud.com\/tracks\/336250935&amp;color=ff5500&amp;auto_play=false&amp;hide_related=false&amp;show_comments=true&amp;show_user=true&amp;show_reposts=false\" width=\"100%\" height=\"166\" frameborder=\"no\" scrolling=\"no\"><\/iframe><\/p>","protected":false},"excerpt":{"rendered":"<p>A URI\/FW completa 25 anos e comemora junto a comunidade atrav\u00e9s de eventos que demonstram o quanto a Institui\u00e7\u00e3o est\u00e1 inserida em todos os ambientes. Para marcar a data junto a um p\u00fablico muito especial, a Universidade prepara o maior evento acad\u00eamico em 2017. &nbsp; O URICOM, \u00e9 a realiza\u00e7\u00e3o da Semana Integrada dos Cursos<\/p>\n<div class=\"read-more-wrapper\"><a class=\"read-more\" href=\"https:\/\/www2.comunitaria.com.br\/en\/uricom-inicia-na-proxima-semana\/\" title=\"Read More\"> <span class=\"button\">Read More<\/span><\/a><\/div>","protected":false},"author":2,"featured_media":27870,"comment_status":"open","ping_status":"closed","sticky":false,"template":"","format":"standard","meta":{"ngg_post_thumbnail":0,"footnotes":""},"categories":[51,44,42,33],"tags":[413,442,1348,82,2999,3603,1165],"class_list":["post-27868","post","type-post","status-publish","format-standard","has-post-thumbnail","hentry","category-audio","category-educacao","category-fred-west","category-noticias","tag-educacao-2","tag-entrevista","tag-evento","tag-frederico-westphalen","tag-urifw","tag-uricom","tag-variedades"],"amp_enabled":true,"_links":{"self":[{"href":"https:\/\/www2.comunitaria.com.br\/en\/wp-json\/wp\/v2\/posts\/27868","targetHints":{"allow":["GET"]}}],"collection":[{"href":"https:\/\/www2.comunitaria.com.br\/en\/wp-json\/wp\/v2\/posts"}],"about":[{"href":"https:\/\/www2.comunitaria.com.br\/en\/wp-json\/wp\/v2\/types\/post"}],"author":[{"embeddable":true,"href":"https:\/\/www2.comunitaria.com.br\/en\/wp-json\/wp\/v2\/users\/2"}],"replies":[{"embeddable":true,"href":"https:\/\/www2.comunitaria.com.br\/en\/wp-json\/wp\/v2\/comments?post=27868"}],"version-history":[{"count":0,"href":"https:\/\/www2.comunitaria.com.br\/en\/wp-json\/wp\/v2\/posts\/27868\/revisions"}],"wp:featuredmedia":[{"embeddable":true,"href":"https:\/\/www2.comunitaria.com.br\/en\/wp-json\/wp\/v2\/media\/27870"}],"wp:attachment":[{"href":"https:\/\/www2.comunitaria.com.br\/en\/wp-json\/wp\/v2\/media?parent=27868"}],"wp:term":[{"taxonomy":"category","embeddable":true,"href":"https:\/\/www2.comunitaria.com.br\/en\/wp-json\/wp\/v2\/categories?post=27868"},{"taxonomy":"post_tag","embeddable":true,"href":"https:\/\/www2.comunitaria.com.br\/en\/wp-json\/wp\/v2\/tags?post=27868"}],"curies":[{"name":"wp","href":"https:\/\/api.w.org\/{rel}","templated":true}]}}